{"id":1705,"date":"2011-08-23T13:32:19","date_gmt":"2011-08-23T11:32:19","guid":{"rendered":"http:\/\/www.laruecapatchwork.com\/mundo_patchwork\/?p=1705"},"modified":"2016-10-05T13:20:39","modified_gmt":"2016-10-05T11:20:39","slug":"comienza-el-curso-2011-2012","status":"publish","type":"post","link":"https:\/\/laruecapatchwork.com\/mundo_patchwork\/comienza-el-curso-2011-2012","title":{"rendered":"Comienza el curso 2011-2012"},"content":{"rendered":"<p>Ya podeis reservar vuestra plaza para el Curso 2011\/2012 en nuestra tienda de Coru\u00f1a. Los cursos comenzar\u00e1n el d\u00eda 1 de septiembre, aunque se puede empezar a lo largo del mismo<\/p>\n<p>Este a\u00f1o incorporaremos alguna novedad con respecto al a\u00f1o anterior; a continuaci\u00f3n os detallamos los cursos disponibles<\/p>\n<p><strong>Ficha T\u00e9cnica de los cursos:<\/strong><\/p>\n<ul>\n<li>Cursos: <strong><span style=\"color: #800000;\">Bolillos<\/span><\/strong>; <span style=\"color: #800000;\"><strong>Bordado a mano<\/strong><\/span>(<span style=\"color: #008000;\"><em>Tradicional, canario, hardanger, punto de cruz, etc<\/em><\/span>.)<span style=\"color: #000000;\">;<\/span> <span style=\"color: #800000;\"><strong>Canastilla<\/strong><\/span> (<span style=\"color: #008000;\"><em>Ropa infantil hasta 7 a\u00f1os<\/em><\/span>); <span style=\"color: #800000;\"><strong>Calceta<\/strong><\/span>; <strong><span style=\"color: #800000;\">Ganchillo<\/span><\/strong> y<span style=\"color: #800000;\"><strong> Patchwork<\/strong><\/span><\/li>\n<li>Lugar: Avda. Finisterre 15-17 (La Coru\u00f1a)<\/li>\n<li>Fecha Comienzo: <span style=\"color: #800000;\"><strong>1 de Septiembre de 2011<\/strong><\/span> (Se puede empezar a lo largo del curso)<\/li>\n<li>Fecha Finalizaci\u00f3n: <strong><span style=\"color: #800000;\">30 de Junio de 2012<\/span><\/strong><\/li>\n<li>Duraci\u00f3n: <strong><span style=\"color: #800000;\">2 Horas Semanales<\/span><\/strong>.<\/li>\n<li>Dirigido a: Mujeres y Hombres con o sin conocimientos previos<\/li>\n<li>Precio: 41 \u20acuros Mes, IVA Incluido.<\/li>\n<\/ul>\n<p><strong>Descripci\u00f3n de los cursos:<\/strong><\/p>\n<p>Los Cursos Coru\u00f1a 2011\/2012 est\u00e1n pensados para todos los niveles de  conocimiento y experiencia de que disponga cada Alumn@, no siendo  requeridos conocimientos previos.<\/p>\n<p>Desde el nivel m\u00e1s b\u00e1sico de iniciaci\u00f3n, hasta los m\u00e1s altos o de  perfeccionamiento, L@s Alumn@s trabajar\u00e1n diferentes t\u00e9cnicas de los  diferentes cursos, en funci\u00f3n de los conocimientos y experiencia de que  disponga.<\/p>\n<p>Os iremos presentando a nuestras profesoras y explic\u00e1ndoos todo lo que podr\u00e9is aprender con ellas.<\/p>\n<p>Todos nuestros cursos son impartidos por personal cualificado, con  amplia experiencia en cada una de las materias impartidas y  continuamente formadas a nivel nacional e internacional mediante cursos y  monogr\u00e1ficos relacionados con las t\u00e9cnicas m\u00e1s novedosas de los mismos.<\/p>\n<p>Los cursos ser\u00e1n presenciales e impartidos en nuestras instalaciones  situadas en la Avda. Finisterre 15-17 de La Coru\u00f1a, donde dispondr\u00e1 de  todos los medios y comodidades necesarias.<\/p>\n<p><strong>Horarios:<\/strong><\/p>\n<p>Los cursos son de una duraci\u00f3n de 2 Horas Semanales.<br \/>\nL@s alumn@s podr\u00e1n realizar el curso, en los siguientes horarios previstos:<\/p>\n<p>De Lunes a Viernes<\/p>\n<ul>\n<li>Ma\u00f1anas: de 10:00 a 12:00 \u2013 de 12:00 a 14:00<\/li>\n<li>Tardes: de 16:00 a 18:00 \u2013 de 18:00 a 20:00 \u2013 de 20:00 a 22:00<\/li>\n<\/ul>\n<p>S\u00e1bados<\/p>\n<ul>\n<li>Ma\u00f1anas: de 10:00 a 12:00 \u2013 de 12:00 a 14:00<\/li>\n<\/ul>\n<p>L@s Alumn@s podr\u00e1n elegir los d\u00edas y horarios que mejor se ajusten a  sus necesidades, formando grupos m\u00ednimos de 5 personas necesarias para  impartir el curso, lo cual le confirmar\u00e1 la direcci\u00f3n antes de iniciar  el curso.<\/p>\n<p>Si por causa mayor, un@ Alumn@ necesitase modificar el horario  seleccionado, deber\u00e1 consultar con la direcci\u00f3n, la posibilidad de  ajustarse a un nuevo horario.<\/p>\n<p><strong>Materiales necesarios:<\/strong><\/p>\n<p>Todos los materiales necesarios para el desarrollo del curso ser\u00e1n  indicados por la profesora y podr\u00e1 adquirirlos en nuestra tienda, para  lo cual durante todo el periodo del curso, l@s Alumn@s dispondr\u00e1n de un  descuento del 10% en todos los productos adquiridos y en cualquiera de  nuestras tiendas.<\/p>\n<p><strong>Fin de Curso:<\/strong><\/p>\n<p>Al finalizar el curso, se har\u00e1 una Exposici\u00f3n P\u00fablica con los  trabajos realizados por l@s Alumn@s, y se habilitar\u00e1 una secci\u00f3n en  nuestra p\u00e1gina Web, donde podr\u00e1n ser observados desde cualquier parte  del mundo.<\/p>\n<p>L@s Alumn@s que lo deseen, podr\u00e1n unirse a la Cena de Confraternizaci\u00f3n, que celebraremos como clausura del curso.<\/p>\n<div class=\"boton_inscripcion\"><a href=\"..\/contacto\/cursos.php?alumno_curso=24\">INSCR\u00cdBASE<\/a><\/div>\n","protected":false},"excerpt":{"rendered":"<p>Inicio en Septiembre<br \/>\nInscr\u00edbete ahora &#8230;<\/p>\n","protected":false},"author":14,"featured_media":0,"comment_status":"open","ping_status":"open","sticky":false,"template":"","format":"standard","meta":{"_exactmetrics_skip_tracking":false,"footnotes":""},"categories":[3,350],"tags":[65,317,298,306,315,320,539,297,6,8,52],"class_list":["post-1705","post","type-post","status-publish","format-standard","hentry","category-cursos","category-nuestro-equipo","tag-bolillos","tag-bordado-canario","tag-bordado-tradicional","tag-calceta","tag-canastilla","tag-clases-labores","tag-cursos","tag-hardanger","tag-la-rueca","tag-patchwork","tag-punto-de-cruz"],"aioseo_notices":[],"aioseo_head":"\n\t\t<!-- All in One SEO 4.9.10 - aioseo.com -->\n\t<meta name=\"description\" content=\"Inicio en Septiembre Inscr\u00edbete ahora ...\" \/>\n\t<meta name=\"robots\" content=\"max-image-preview:large\" \/>\n\t<meta name=\"author\" content=\"Raquel\"\/>\n\t<link rel=\"canonical\" href=\"https:\/\/laruecapatchwork.com\/mundo_patchwork\/comienza-el-curso-2011-2012\" \/>\n\t<meta name=\"generator\" content=\"All in One SEO (AIOSEO) 4.9.10\" \/>\n\t\t<meta property=\"og:locale\" content=\"es_ES\" \/>\n\t\t<meta property=\"og:site_name\" content=\"La Rueca Patchwork \u00b7 Su tienda de labores en Internet | Novedades del Mundo Patchwork\" \/>\n\t\t<meta property=\"og:type\" content=\"article\" \/>\n\t\t<meta property=\"og:title\" content=\"Comienza el curso 2011-2012 | La Rueca Patchwork \u00b7 Su tienda de labores en Internet\" \/>\n\t\t<meta property=\"og:description\" content=\"Inicio en Septiembre Inscr\u00edbete ahora ...\" \/>\n\t\t<meta property=\"og:url\" content=\"https:\/\/laruecapatchwork.com\/mundo_patchwork\/comienza-el-curso-2011-2012\" \/>\n\t\t<meta property=\"article:published_time\" content=\"2011-08-23T11:32:19+00:00\" \/>\n\t\t<meta property=\"article:modified_time\" content=\"2016-10-05T11:20:39+00:00\" \/>\n\t\t<meta name=\"twitter:card\" content=\"summary\" \/>\n\t\t<meta name=\"twitter:title\" content=\"Comienza el curso 2011-2012 | La Rueca Patchwork \u00b7 Su tienda de labores en Internet\" \/>\n\t\t<meta name=\"twitter:description\" content=\"Inicio en Septiembre Inscr\u00edbete ahora ...\" \/>\n\t\t<script type=\"application\/ld+json\" class=\"aioseo-schema\">\n\t\t\t{\"@context\":\"https:\\\/\\\/schema.org\",\"@graph\":[{\"@type\":\"Article\",\"@id\":\"https:\\\/\\\/laruecapatchwork.com\\\/mundo_patchwork\\\/comienza-el-curso-2011-2012#article\",\"name\":\"Comienza el curso 2011-2012 | La Rueca Patchwork \\u00b7 Su tienda de labores en Internet\",\"headline\":\"Comienza el curso 2011-2012\",\"author\":{\"@id\":\"https:\\\/\\\/laruecapatchwork.com\\\/mundo_patchwork\\\/author\\\/raquel#author\"},\"publisher\":{\"@id\":\"https:\\\/\\\/laruecapatchwork.com\\\/mundo_patchwork\\\/#organization\"},\"datePublished\":\"2011-08-23T13:32:19+02:00\",\"dateModified\":\"2016-10-05T13:20:39+02:00\",\"inLanguage\":\"es-ES\",\"commentCount\":7,\"mainEntityOfPage\":{\"@id\":\"https:\\\/\\\/laruecapatchwork.com\\\/mundo_patchwork\\\/comienza-el-curso-2011-2012#webpage\"},\"isPartOf\":{\"@id\":\"https:\\\/\\\/laruecapatchwork.com\\\/mundo_patchwork\\\/comienza-el-curso-2011-2012#webpage\"},\"articleSection\":\"Cursos, Nuestro Equipo, Bolillos, Bordado Canario, Bordado tradicional, Calceta, Canastilla, Clases Labores, Cursos, Hardanger, La Rueca, Patchwork, punto de cruz\"},{\"@type\":\"BreadcrumbList\",\"@id\":\"https:\\\/\\\/laruecapatchwork.com\\\/mundo_patchwork\\\/comienza-el-curso-2011-2012#breadcrumblist\",\"itemListElement\":[{\"@type\":\"ListItem\",\"@id\":\"https:\\\/\\\/laruecapatchwork.com\\\/mundo_patchwork#listItem\",\"position\":1,\"name\":\"Inicio\",\"item\":\"https:\\\/\\\/laruecapatchwork.com\\\/mundo_patchwork\",\"nextItem\":{\"@type\":\"ListItem\",\"@id\":\"https:\\\/\\\/laruecapatchwork.com\\\/mundo_patchwork\\\/categoria\\\/eventos#listItem\",\"name\":\"Eventos\"}},{\"@type\":\"ListItem\",\"@id\":\"https:\\\/\\\/laruecapatchwork.com\\\/mundo_patchwork\\\/categoria\\\/eventos#listItem\",\"position\":2,\"name\":\"Eventos\",\"item\":\"https:\\\/\\\/laruecapatchwork.com\\\/mundo_patchwork\\\/categoria\\\/eventos\",\"nextItem\":{\"@type\":\"ListItem\",\"@id\":\"https:\\\/\\\/laruecapatchwork.com\\\/mundo_patchwork\\\/categoria\\\/eventos\\\/cursos#listItem\",\"name\":\"Cursos\"},\"previousItem\":{\"@type\":\"ListItem\",\"@id\":\"https:\\\/\\\/laruecapatchwork.com\\\/mundo_patchwork#listItem\",\"name\":\"Inicio\"}},{\"@type\":\"ListItem\",\"@id\":\"https:\\\/\\\/laruecapatchwork.com\\\/mundo_patchwork\\\/categoria\\\/eventos\\\/cursos#listItem\",\"position\":3,\"name\":\"Cursos\",\"item\":\"https:\\\/\\\/laruecapatchwork.com\\\/mundo_patchwork\\\/categoria\\\/eventos\\\/cursos\",\"nextItem\":{\"@type\":\"ListItem\",\"@id\":\"https:\\\/\\\/laruecapatchwork.com\\\/mundo_patchwork\\\/comienza-el-curso-2011-2012#listItem\",\"name\":\"Comienza el curso 2011-2012\"},\"previousItem\":{\"@type\":\"ListItem\",\"@id\":\"https:\\\/\\\/laruecapatchwork.com\\\/mundo_patchwork\\\/categoria\\\/eventos#listItem\",\"name\":\"Eventos\"}},{\"@type\":\"ListItem\",\"@id\":\"https:\\\/\\\/laruecapatchwork.com\\\/mundo_patchwork\\\/comienza-el-curso-2011-2012#listItem\",\"position\":4,\"name\":\"Comienza el curso 2011-2012\",\"previousItem\":{\"@type\":\"ListItem\",\"@id\":\"https:\\\/\\\/laruecapatchwork.com\\\/mundo_patchwork\\\/categoria\\\/eventos\\\/cursos#listItem\",\"name\":\"Cursos\"}}]},{\"@type\":\"Organization\",\"@id\":\"https:\\\/\\\/laruecapatchwork.com\\\/mundo_patchwork\\\/#organization\",\"name\":\"La Rueca Patchwork \\u00b7 Su tienda de labores en Internet\",\"description\":\"Novedades del Mundo Patchwork\",\"url\":\"https:\\\/\\\/laruecapatchwork.com\\\/mundo_patchwork\\\/\"},{\"@type\":\"Person\",\"@id\":\"https:\\\/\\\/laruecapatchwork.com\\\/mundo_patchwork\\\/author\\\/raquel#author\",\"url\":\"https:\\\/\\\/laruecapatchwork.com\\\/mundo_patchwork\\\/author\\\/raquel\",\"name\":\"Raquel\",\"image\":{\"@type\":\"ImageObject\",\"@id\":\"https:\\\/\\\/laruecapatchwork.com\\\/mundo_patchwork\\\/comienza-el-curso-2011-2012#authorImage\",\"url\":\"https:\\\/\\\/secure.gravatar.com\\\/avatar\\\/229ae7dce2c2e8b7e1a394b8ce5d3c5059480fef0dd0b1fc0bb4e71162d9406d?s=96&d=identicon&r=g\",\"width\":96,\"height\":96,\"caption\":\"Raquel\"}},{\"@type\":\"WebPage\",\"@id\":\"https:\\\/\\\/laruecapatchwork.com\\\/mundo_patchwork\\\/comienza-el-curso-2011-2012#webpage\",\"url\":\"https:\\\/\\\/laruecapatchwork.com\\\/mundo_patchwork\\\/comienza-el-curso-2011-2012\",\"name\":\"Comienza el curso 2011-2012 | La Rueca Patchwork \\u00b7 Su tienda de labores en Internet\",\"description\":\"Inicio en Septiembre Inscr\\u00edbete ahora ...\",\"inLanguage\":\"es-ES\",\"isPartOf\":{\"@id\":\"https:\\\/\\\/laruecapatchwork.com\\\/mundo_patchwork\\\/#website\"},\"breadcrumb\":{\"@id\":\"https:\\\/\\\/laruecapatchwork.com\\\/mundo_patchwork\\\/comienza-el-curso-2011-2012#breadcrumblist\"},\"author\":{\"@id\":\"https:\\\/\\\/laruecapatchwork.com\\\/mundo_patchwork\\\/author\\\/raquel#author\"},\"creator\":{\"@id\":\"https:\\\/\\\/laruecapatchwork.com\\\/mundo_patchwork\\\/author\\\/raquel#author\"},\"datePublished\":\"2011-08-23T13:32:19+02:00\",\"dateModified\":\"2016-10-05T13:20:39+02:00\"},{\"@type\":\"WebSite\",\"@id\":\"https:\\\/\\\/laruecapatchwork.com\\\/mundo_patchwork\\\/#website\",\"url\":\"https:\\\/\\\/laruecapatchwork.com\\\/mundo_patchwork\\\/\",\"name\":\"La Rueca Patchwork \\u00b7 Su tienda de labores en Internet\",\"description\":\"Novedades del Mundo Patchwork\",\"inLanguage\":\"es-ES\",\"publisher\":{\"@id\":\"https:\\\/\\\/laruecapatchwork.com\\\/mundo_patchwork\\\/#organization\"}}]}\n\t\t<\/script>\n\t\t<!-- All in One SEO -->\n\n","aioseo_head_json":{"title":"Comienza el curso 2011-2012 | La Rueca Patchwork \u00b7 Su tienda de labores en Internet","description":"Inicio en Septiembre Inscr\u00edbete ahora ...","canonical_url":"https:\/\/laruecapatchwork.com\/mundo_patchwork\/comienza-el-curso-2011-2012","robots":"max-image-preview:large","keywords":"","webmasterTools":{"miscellaneous":""},"schema":{"@context":"https:\/\/schema.org","@graph":[{"@type":"Article","@id":"https:\/\/laruecapatchwork.com\/mundo_patchwork\/comienza-el-curso-2011-2012#article","name":"Comienza el curso 2011-2012 | La Rueca Patchwork \u00b7 Su tienda de labores en Internet","headline":"Comienza el curso 2011-2012","author":{"@id":"https:\/\/laruecapatchwork.com\/mundo_patchwork\/author\/raquel#author"},"publisher":{"@id":"https:\/\/laruecapatchwork.com\/mundo_patchwork\/#organization"},"datePublished":"2011-08-23T13:32:19+02:00","dateModified":"2016-10-05T13:20:39+02:00","inLanguage":"es-ES","commentCount":7,"mainEntityOfPage":{"@id":"https:\/\/laruecapatchwork.com\/mundo_patchwork\/comienza-el-curso-2011-2012#webpage"},"isPartOf":{"@id":"https:\/\/laruecapatchwork.com\/mundo_patchwork\/comienza-el-curso-2011-2012#webpage"},"articleSection":"Cursos, Nuestro Equipo, Bolillos, Bordado Canario, Bordado tradicional, Calceta, Canastilla, Clases Labores, Cursos, Hardanger, La Rueca, Patchwork, punto de cruz"},{"@type":"BreadcrumbList","@id":"https:\/\/laruecapatchwork.com\/mundo_patchwork\/comienza-el-curso-2011-2012#breadcrumblist","itemListElement":[{"@type":"ListItem","@id":"https:\/\/laruecapatchwork.com\/mundo_patchwork#listItem","position":1,"name":"Inicio","item":"https:\/\/laruecapatchwork.com\/mundo_patchwork","nextItem":{"@type":"ListItem","@id":"https:\/\/laruecapatchwork.com\/mundo_patchwork\/categoria\/eventos#listItem","name":"Eventos"}},{"@type":"ListItem","@id":"https:\/\/laruecapatchwork.com\/mundo_patchwork\/categoria\/eventos#listItem","position":2,"name":"Eventos","item":"https:\/\/laruecapatchwork.com\/mundo_patchwork\/categoria\/eventos","nextItem":{"@type":"ListItem","@id":"https:\/\/laruecapatchwork.com\/mundo_patchwork\/categoria\/eventos\/cursos#listItem","name":"Cursos"},"previousItem":{"@type":"ListItem","@id":"https:\/\/laruecapatchwork.com\/mundo_patchwork#listItem","name":"Inicio"}},{"@type":"ListItem","@id":"https:\/\/laruecapatchwork.com\/mundo_patchwork\/categoria\/eventos\/cursos#listItem","position":3,"name":"Cursos","item":"https:\/\/laruecapatchwork.com\/mundo_patchwork\/categoria\/eventos\/cursos","nextItem":{"@type":"ListItem","@id":"https:\/\/laruecapatchwork.com\/mundo_patchwork\/comienza-el-curso-2011-2012#listItem","name":"Comienza el curso 2011-2012"},"previousItem":{"@type":"ListItem","@id":"https:\/\/laruecapatchwork.com\/mundo_patchwork\/categoria\/eventos#listItem","name":"Eventos"}},{"@type":"ListItem","@id":"https:\/\/laruecapatchwork.com\/mundo_patchwork\/comienza-el-curso-2011-2012#listItem","position":4,"name":"Comienza el curso 2011-2012","previousItem":{"@type":"ListItem","@id":"https:\/\/laruecapatchwork.com\/mundo_patchwork\/categoria\/eventos\/cursos#listItem","name":"Cursos"}}]},{"@type":"Organization","@id":"https:\/\/laruecapatchwork.com\/mundo_patchwork\/#organization","name":"La Rueca Patchwork \u00b7 Su tienda de labores en Internet","description":"Novedades del Mundo Patchwork","url":"https:\/\/laruecapatchwork.com\/mundo_patchwork\/"},{"@type":"Person","@id":"https:\/\/laruecapatchwork.com\/mundo_patchwork\/author\/raquel#author","url":"https:\/\/laruecapatchwork.com\/mundo_patchwork\/author\/raquel","name":"Raquel","image":{"@type":"ImageObject","@id":"https:\/\/laruecapatchwork.com\/mundo_patchwork\/comienza-el-curso-2011-2012#authorImage","url":"https:\/\/secure.gravatar.com\/avatar\/229ae7dce2c2e8b7e1a394b8ce5d3c5059480fef0dd0b1fc0bb4e71162d9406d?s=96&d=identicon&r=g","width":96,"height":96,"caption":"Raquel"}},{"@type":"WebPage","@id":"https:\/\/laruecapatchwork.com\/mundo_patchwork\/comienza-el-curso-2011-2012#webpage","url":"https:\/\/laruecapatchwork.com\/mundo_patchwork\/comienza-el-curso-2011-2012","name":"Comienza el curso 2011-2012 | La Rueca Patchwork \u00b7 Su tienda de labores en Internet","description":"Inicio en Septiembre Inscr\u00edbete ahora ...","inLanguage":"es-ES","isPartOf":{"@id":"https:\/\/laruecapatchwork.com\/mundo_patchwork\/#website"},"breadcrumb":{"@id":"https:\/\/laruecapatchwork.com\/mundo_patchwork\/comienza-el-curso-2011-2012#breadcrumblist"},"author":{"@id":"https:\/\/laruecapatchwork.com\/mundo_patchwork\/author\/raquel#author"},"creator":{"@id":"https:\/\/laruecapatchwork.com\/mundo_patchwork\/author\/raquel#author"},"datePublished":"2011-08-23T13:32:19+02:00","dateModified":"2016-10-05T13:20:39+02:00"},{"@type":"WebSite","@id":"https:\/\/laruecapatchwork.com\/mundo_patchwork\/#website","url":"https:\/\/laruecapatchwork.com\/mundo_patchwork\/","name":"La Rueca Patchwork \u00b7 Su tienda de labores en Internet","description":"Novedades del Mundo Patchwork","inLanguage":"es-ES","publisher":{"@id":"https:\/\/laruecapatchwork.com\/mundo_patchwork\/#organization"}}]},"og:locale":"es_ES","og:site_name":"La Rueca Patchwork \u00b7 Su tienda de labores en Internet | Novedades del Mundo Patchwork","og:type":"article","og:title":"Comienza el curso 2011-2012 | La Rueca Patchwork \u00b7 Su tienda de labores en Internet","og:description":"Inicio en Septiembre Inscr\u00edbete ahora ...","og:url":"https:\/\/laruecapatchwork.com\/mundo_patchwork\/comienza-el-curso-2011-2012","article:published_time":"2011-08-23T11:32:19+00:00","article:modified_time":"2016-10-05T11:20:39+00:00","twitter:card":"summary","twitter:title":"Comienza el curso 2011-2012 | La Rueca Patchwork \u00b7 Su tienda de labores en Internet","twitter:description":"Inicio en Septiembre Inscr\u00edbete ahora ..."},"aioseo_meta_data":{"post_id":"1705","title":null,"description":null,"keywords":null,"keyphrases":null,"primary_term":null,"canonical_url":null,"og_title":null,"og_description":null,"og_object_type":"default","og_image_type":"default","og_image_url":null,"og_image_width":null,"og_image_height":null,"og_image_custom_url":null,"og_image_custom_fields":null,"og_video":null,"og_custom_url":null,"og_article_section":null,"og_article_tags":null,"twitter_use_og":false,"twitter_card":"default","twitter_image_type":"default","twitter_image_url":null,"twitter_image_custom_url":null,"twitter_image_custom_fields":null,"twitter_title":null,"twitter_description":null,"schema":{"blockGraphs":[],"customGraphs":[],"default":{"data":{"Article":[],"Course":[],"Dataset":[],"FAQPage":[],"Movie":[],"Person":[],"Product":[],"ProductReview":[],"Car":[],"Recipe":[],"Service":[],"SoftwareApplication":[],"WebPage":[]},"graphName":"","isEnabled":true},"graphs":[]},"schema_type":null,"schema_type_options":null,"pillar_content":false,"robots_default":true,"robots_noindex":false,"robots_noarchive":false,"robots_nosnippet":false,"robots_nofollow":false,"robots_noimageindex":false,"robots_noodp":false,"robots_notranslate":false,"robots_max_snippet":null,"robots_max_videopreview":null,"robots_max_imagepreview":"large","priority":null,"frequency":null,"local_seo":null,"breadcrumb_settings":null,"limit_modified_date":false,"ai":null,"created":"2021-05-24 09:50:52","updated":"2025-07-18 15:33:36","seo_analyzer_scan_date":null},"aioseo_breadcrumb":"<div class=\"aioseo-breadcrumbs\"><span class=\"aioseo-breadcrumb\">\n\t\t\t<a href=\"https:\/\/laruecapatchwork.com\/mundo_patchwork\" title=\"Inicio\">Inicio<\/a>\n\t\t<\/span><span class=\"aioseo-breadcrumb-separator\">&raquo;<\/span><span class=\"aioseo-breadcrumb\">\n\t\t\t<a href=\"https:\/\/laruecapatchwork.com\/mundo_patchwork\/categoria\/eventos\" title=\"Eventos\">Eventos<\/a>\n\t\t<\/span><span class=\"aioseo-breadcrumb-separator\">&raquo;<\/span><span class=\"aioseo-breadcrumb\">\n\t\t\t<a href=\"https:\/\/laruecapatchwork.com\/mundo_patchwork\/categoria\/eventos\/cursos\" title=\"Cursos\">Cursos<\/a>\n\t\t<\/span><span class=\"aioseo-breadcrumb-separator\">&raquo;<\/span><span class=\"aioseo-breadcrumb\">\n\t\t\tComienza el curso 2011-2012\n\t\t<\/span><\/div>","aioseo_breadcrumb_json":[{"label":"Inicio","link":"https:\/\/laruecapatchwork.com\/mundo_patchwork"},{"label":"Eventos","link":"https:\/\/laruecapatchwork.com\/mundo_patchwork\/categoria\/eventos"},{"label":"Cursos","link":"https:\/\/laruecapatchwork.com\/mundo_patchwork\/categoria\/eventos\/cursos"},{"label":"Comienza el curso 2011-2012","link":"https:\/\/laruecapatchwork.com\/mundo_patchwork\/comienza-el-curso-2011-2012"}],"_links":{"self":[{"href":"https:\/\/laruecapatchwork.com\/mundo_patchwork\/wp-json\/wp\/v2\/posts\/1705","targetHints":{"allow":["GET"]}}],"collection":[{"href":"https:\/\/laruecapatchwork.com\/mundo_patchwork\/wp-json\/wp\/v2\/posts"}],"about":[{"href":"https:\/\/laruecapatchwork.com\/mundo_patchwork\/wp-json\/wp\/v2\/types\/post"}],"author":[{"embeddable":true,"href":"https:\/\/laruecapatchwork.com\/mundo_patchwork\/wp-json\/wp\/v2\/users\/14"}],"replies":[{"embeddable":true,"href":"https:\/\/laruecapatchwork.com\/mundo_patchwork\/wp-json\/wp\/v2\/comments?post=1705"}],"version-history":[{"count":0,"href":"https:\/\/laruecapatchwork.com\/mundo_patchwork\/wp-json\/wp\/v2\/posts\/1705\/revisions"}],"wp:attachment":[{"href":"https:\/\/laruecapatchwork.com\/mundo_patchwork\/wp-json\/wp\/v2\/media?parent=1705"}],"wp:term":[{"taxonomy":"category","embeddable":true,"href":"https:\/\/laruecapatchwork.com\/mundo_patchwork\/wp-json\/wp\/v2\/categories?post=1705"},{"taxonomy":"post_tag","embeddable":true,"href":"https:\/\/laruecapatchwork.com\/mundo_patchwork\/wp-json\/wp\/v2\/tags?post=1705"}],"curies":[{"name":"wp","href":"https:\/\/api.w.org\/{rel}","templated":true}]}}