{"id":1890,"date":"2011-09-02T19:54:20","date_gmt":"2011-09-02T17:54:20","guid":{"rendered":"http:\/\/www.laruecapatchwork.com\/mundo_patchwork\/?p=1890"},"modified":"2016-10-05T13:20:39","modified_gmt":"2016-10-05T11:20:39","slug":"loly-nuestra-profesora-de-calceta-coruna-2011","status":"publish","type":"post","link":"https:\/\/laruecapatchwork.com\/mundo_patchwork\/loly-nuestra-profesora-de-calceta-coruna-2011","title":{"rendered":"Loly. Nuestra profesora de Calceta Coru\u00f1a 2011-2012"},"content":{"rendered":"<p><div id=\"attachment_1900\" style=\"width: 239px\" class=\"wp-caption alignright\"><a href=\"https:\/\/www.laruecapatchwork.com\/mundo_patchwork\/wp-content\/uploads\/2011\/09\/Loly-800x600.jpg\" class=\"thickbox no_icon\"><img loading=\"lazy\" decoding=\"async\" aria-describedby=\"caption-attachment-1900\" class=\"alignright size-medium wp-image-1900\" title=\"Loly [800x600]\" src=\"https:\/\/www.laruecapatchwork.com\/mundo_patchwork\/wp-content\/uploads\/2011\/09\/Loly-800x600-229x300.jpg\" alt=\"Loly [800x600]\" width=\"229\" height=\"300\" srcset=\"https:\/\/laruecapatchwork.com\/mundo_patchwork\/wp-content\/uploads\/2011\/09\/Loly-800x600-229x300.jpg 229w, https:\/\/laruecapatchwork.com\/mundo_patchwork\/wp-content\/uploads\/2011\/09\/Loly-800x600.jpg 611w\" sizes=\"auto, (max-width: 229px) 100vw, 229px\" \/><\/a><\/p>\n<p><p id=\"caption-attachment-1900\" class=\"wp-caption-text\">Loly Orro<\/p><\/div>Desde el comienzo de las clases en La Rueca Patchwork-Coru\u00f1a, <strong>Dolores Orro L\u00f3pez<\/strong> conocida por todos como <strong>Loly<\/strong>, es la responsable de los cursos de calceta tanto amateurs como profesionales.<\/p>\n<p>Destacamos de <strong>Loly<\/strong>, su personalidad, que crea un ambiente muy agradable y armonioso; su calidad de ense\u00f1anza, demostrada en las labores realizadas por sus alumnas en estos dos cursos anteriores; su amplia capacidad de recursos, gracias a la cual siempre es capaz de encontrar una soluci\u00f3n para cualquier complicaci\u00f3n en la labor; su constante actualizaci\u00f3n, introduciendo en sus clases las \u00faltimas t\u00e9cnicas habidas y, como no, su total disponibilidad y voluntariedad, demostrado est\u00e1 que siempre podemos contar con ella para cualquier consejo o ayuda.<\/p>\n<p>Como profesora <strong>Loly<\/strong> ense\u00f1ar\u00e1 a las alumnas entrantes las nociones b\u00e1sicas de calceta para luego ir profundizando en t\u00e9cnicas como <em>tejer al derecho, tejer al rev\u00e9s, cerrar los puntos, punto de musgo, punto liso, punto liso torcido, punto de arroz, punto el\u00e1stico, punto de trigo, punto damero, punto de rejilla, punto de ondas, punto de trama, punto de escamas, punto de ojo de perdiz, punto de ochos, punto de eslabones en cadena, punto de panal, punto de astrac\u00e1n, calados de espiga, punto irland\u00e9s, calados de herradura, calados de helecho, ganchillo con horquilla, tejer conagujas circulares, etc.<\/em>; os ense\u00f1amos algunas <a href=\"https:\/\/www.laruecapatchwork.com\/fotos\/fotos.php?alb_ref=0028\">im\u00e1genes<\/a> de trabajos de calceta realizados a lo largo de estos dos cursos.<\/p>\n<p><strong>\u00bfQue ventajas nos aporta practicar Calceta?<\/strong> La pr\u00e1ctica de esta actividad nos introduce en el mundo de la \u201cLana-terapia\u201d (utilizar la calceta como terapia para personas que sufren alg\u00fan tipo de problema emocional) ayuda a reducir los niveles de tensi\u00f3n y estr\u00e9s, ya que colabora con la recuperaci\u00f3n mental y f\u00edsica despu\u00e9s de una jornada laboral; as\u00ed mismo al ser una labor que requiere de movilidad de articulaciones nos ayuda a combatir problemas de psicomotricidad y sedentarismo.<\/p>\n<p>Cabe destacar el buen ambiente que se respira en las clases, donde en estos dos a\u00f1os pudimos asistir a reencuentros de amigas despu\u00e9s de muchos a\u00f1os, creaciones de grupos para salir a pasear y charlar, grupos de lectura, etc. Un verdadero club de amig@s con aficiones comunes.<\/p>\n<p>An\u00edmate y ven al <strong>Curso de Calceta Coru\u00f1a 2011-2012<\/strong> que comienza el d\u00eda 1 de septiembre, llam\u00e1ndonos al <strong>881.967.498<\/strong>, inscribi\u00e9ndote en la pesta\u00f1a adjunta, o visit\u00e1ndonos en Avda. Finisterre, 15-17, donde gustosamente responderemos a todas tus dudas.<\/p>\n<div class=\"boton_inscripcion\"><a href=\"..\/contacto\/cursos.php?alumno_curso=24\">INSCR\u00cdBASE<\/a><\/div>\n","protected":false},"excerpt":{"rendered":"<p>Curso en Coru\u00f1a.<br \/>\nInscr\u00edbete ahora&#8230;<\/p>\n","protected":false},"author":14,"featured_media":0,"comment_status":"open","ping_status":"open","sticky":false,"template":"","format":"standard","meta":{"_exactmetrics_skip_tracking":false,"_exactmetrics_sitenote_active":false,"_exactmetrics_sitenote_note":"","_exactmetrics_sitenote_category":0,"footnotes":""},"categories":[350],"tags":[369,371,370,353,312,170,360,357,368,364,366,354,104,365,362,367,361,363,359,358,102,355,356,351,352],"class_list":["post-1890","post","type-post","status-publish","format-standard","hentry","category-nuestro-equipo","tag-calados-de-espiga","tag-calados-de-helecho","tag-calados-de-herradura","tag-cerrar-los-puntos","tag-ganchillo-con-horquilla","tag-loly-orro","tag-punto-damero","tag-punto-de-arroz","tag-punto-de-astracan","tag-punto-de-escamas","tag-punto-de-eslabones-en-cadena","tag-punto-de-musgo","tag-punto-de-ochos","tag-punto-de-ojo-de-perdiz","tag-punto-de-ondas","tag-punto-de-panal","tag-punto-de-rejilla","tag-punto-de-trama","tag-punto-de-trigo","tag-punto-elastico","tag-punto-irlandes","tag-punto-liso","tag-punto-liso-torcido","tag-tejer-al-derecho","tag-tejer-al-reves"],"aioseo_notices":[],"_links":{"self":[{"href":"https:\/\/laruecapatchwork.com\/mundo_patchwork\/wp-json\/wp\/v2\/posts\/1890","targetHints":{"allow":["GET"]}}],"collection":[{"href":"https:\/\/laruecapatchwork.com\/mundo_patchwork\/wp-json\/wp\/v2\/posts"}],"about":[{"href":"https:\/\/laruecapatchwork.com\/mundo_patchwork\/wp-json\/wp\/v2\/types\/post"}],"author":[{"embeddable":true,"href":"https:\/\/laruecapatchwork.com\/mundo_patchwork\/wp-json\/wp\/v2\/users\/14"}],"replies":[{"embeddable":true,"href":"https:\/\/laruecapatchwork.com\/mundo_patchwork\/wp-json\/wp\/v2\/comments?post=1890"}],"version-history":[{"count":0,"href":"https:\/\/laruecapatchwork.com\/mundo_patchwork\/wp-json\/wp\/v2\/posts\/1890\/revisions"}],"wp:attachment":[{"href":"https:\/\/laruecapatchwork.com\/mundo_patchwork\/wp-json\/wp\/v2\/media?parent=1890"}],"wp:term":[{"taxonomy":"category","embeddable":true,"href":"https:\/\/laruecapatchwork.com\/mundo_patchwork\/wp-json\/wp\/v2\/categories?post=1890"},{"taxonomy":"post_tag","embeddable":true,"href":"https:\/\/laruecapatchwork.com\/mundo_patchwork\/wp-json\/wp\/v2\/tags?post=1890"}],"curies":[{"name":"wp","href":"https:\/\/api.w.org\/{rel}","templated":true}]}}