{"id":2010,"date":"2011-09-14T18:59:42","date_gmt":"2011-09-14T16:59:42","guid":{"rendered":"http:\/\/www.laruecapatchwork.com\/mundo_patchwork\/?p=2010"},"modified":"2016-10-05T13:20:15","modified_gmt":"2016-10-05T11:20:15","slug":"ii-festival-de-patchwork-en-a-coruna","status":"publish","type":"post","link":"https:\/\/laruecapatchwork.com\/mundo_patchwork\/ii-festival-de-patchwork-en-a-coruna","title":{"rendered":"II Festival de Patchwork en A Coru\u00f1a"},"content":{"rendered":"<p><a href=\"https:\/\/www.laruecapatchwork.com\/mundo_patchwork\/wp-content\/uploads\/2011\/09\/centon.jpg\" class=\"thickbox no_icon\"><img loading=\"lazy\" decoding=\"async\" class=\"alignright size-medium wp-image-2011\" title=\"centon\" src=\"https:\/\/www.laruecapatchwork.com\/mundo_patchwork\/wp-content\/uploads\/2011\/09\/centon-157x300.jpg\" alt=\"centon\" width=\"157\" height=\"300\" \/><\/a>El pasado fin de semana se celebr\u00f3 en la ciudad de A Coru\u00f1a el II Festival de Patchwork de Galicia organizado por la asociaci\u00f3n gallega de Patchwork <a href=\"http:\/\/www.centon.es\/\">centon.<\/a><\/p>\n<p>Desde La Rueca Patchwork SL, queremos dar nuestra m\u00e1s sincera enhorabuena a esas socias que entregaron su tiempo para crear este evento. As\u00ed mismo nuestra felicitaci\u00f3n a la organizaci\u00f3n.<\/p>\n<p>Para los trabajos premiados as\u00ed como para sus creadores, nuestro m\u00e1s sincero reconocimiento por las labores realizadas.<\/p>\n","protected":false},"excerpt":{"rendered":"<p>El pasado fin de semana se celebr\u00f3 en la ciudad de A Coru\u00f1a el II Festival de Patchwork de Galicia organizado por la asociaci\u00f3n gallega de Patchwork centon. Desde La Rueca Patchwork SL, queremos dar nuestra m\u00e1s sincera enhorabuena a esas socias que entregaron su tiempo para crear este evento. As\u00ed mismo nuestra felicitaci\u00f3n a [&hellip;]<\/p>\n","protected":false},"author":14,"featured_media":0,"comment_status":"open","ping_status":"open","sticky":false,"template":"","format":"standard","meta":{"_exactmetrics_skip_tracking":false,"_exactmetrics_sitenote_active":false,"_exactmetrics_sitenote_note":"","_exactmetrics_sitenote_category":0,"footnotes":""},"categories":[22,13,5],"tags":[149,129,541,8],"class_list":["post-2010","post","type-post","status-publish","format-standard","hentry","category-eventos","category-festivales","category-mundo-patchwork","tag-centon","tag-coruna","tag-festivales","tag-patchwork"],"aioseo_notices":[],"_links":{"self":[{"href":"https:\/\/laruecapatchwork.com\/mundo_patchwork\/wp-json\/wp\/v2\/posts\/2010","targetHints":{"allow":["GET"]}}],"collection":[{"href":"https:\/\/laruecapatchwork.com\/mundo_patchwork\/wp-json\/wp\/v2\/posts"}],"about":[{"href":"https:\/\/laruecapatchwork.com\/mundo_patchwork\/wp-json\/wp\/v2\/types\/post"}],"author":[{"embeddable":true,"href":"https:\/\/laruecapatchwork.com\/mundo_patchwork\/wp-json\/wp\/v2\/users\/14"}],"replies":[{"embeddable":true,"href":"https:\/\/laruecapatchwork.com\/mundo_patchwork\/wp-json\/wp\/v2\/comments?post=2010"}],"version-history":[{"count":0,"href":"https:\/\/laruecapatchwork.com\/mundo_patchwork\/wp-json\/wp\/v2\/posts\/2010\/revisions"}],"wp:attachment":[{"href":"https:\/\/laruecapatchwork.com\/mundo_patchwork\/wp-json\/wp\/v2\/media?parent=2010"}],"wp:term":[{"taxonomy":"category","embeddable":true,"href":"https:\/\/laruecapatchwork.com\/mundo_patchwork\/wp-json\/wp\/v2\/categories?post=2010"},{"taxonomy":"post_tag","embeddable":true,"href":"https:\/\/laruecapatchwork.com\/mundo_patchwork\/wp-json\/wp\/v2\/tags?post=2010"}],"curies":[{"name":"wp","href":"https:\/\/api.w.org\/{rel}","templated":true}]}}