{"id":2103,"date":"2011-10-05T22:36:41","date_gmt":"2011-10-05T20:36:41","guid":{"rendered":"http:\/\/www.laruecapatchwork.com\/mundo_patchwork\/?p=2103"},"modified":"2016-10-05T13:20:14","modified_gmt":"2016-10-05T11:20:14","slug":"asociate-a-la-rueca-tienda-asociada","status":"publish","type":"post","link":"https:\/\/laruecapatchwork.com\/mundo_patchwork\/asociate-a-la-rueca-tienda-asociada","title":{"rendered":"As\u00f3ciate a \u201cLa Rueca, Tienda Asociada\u201d"},"content":{"rendered":"<p><a><img loading=\"lazy\" decoding=\"async\" class=\"alignright size-full wp-image-2100\" title=\"La Rueca, Tienda Asociada\" src=\"https:\/\/www.laruecapatchwork.com\/mundo_patchwork\/wp-content\/uploads\/2011\/09\/La-Rueca-Tienda-Asociada.png\" alt=\"La Rueca Tienda Asociada\" width=\"183\" height=\"141\" \/><\/a>Tras su presentaci\u00f3n el pasado mes de Septiembre, el proyecto empresarial \u201cLa Rueca, tienda asociada\u201d, est\u00e1 teniendo gran acogida por parte de las tiendas convocadas, as\u00ed como por la red de proveedores y colaboradores, que ven \u00e9sta iniciativa como medio de integraci\u00f3n, expansi\u00f3n y camino de futuro, para las empresas dedicadas a estas labores.<\/p>\n<p>\u201cLa Rueca, tienda asociada\u201d es un proyecto de agrupaci\u00f3n empresarial, enfocado a esas tiendas de labores que por su volumen de operaciones no disponen de un amplio surtido de mercanc\u00edas y servicios en el sector del patchwork, limitando sus posibilidades de negocio y oferta a clientes.<\/p>\n<p>Uno de los pilares del proyecto, es la formaci\u00f3n y asesoramiento de negocio, programando diversos monogr\u00e1ficos profesionales enfocados a la gesti\u00f3n de empresa y docencia. Actualmente est\u00e1n siendo programados monogr\u00e1ficos sobre Patchwork, Calceta, Ganchillo, Encajes, Corte y Confecci\u00f3n, Escaparatismo, Tendencias de producto, Marketing, Gesti\u00f3n de Tiendas, Atenci\u00f3n al Cliente, y presentaciones de nuevos productos por parte de proveedores, as\u00ed como la formaci\u00f3n para su mejor uso y aprovechamiento.<\/p>\n<p>La pertenencia a \u00e9ste proyecto, facilita condiciones especiales a todos los asociados, en servicios especializados en informatizaci\u00f3n de tiendas, asesor\u00eda laboral y fiscal, escaparatismo, y promoci\u00f3n conjunta, as\u00ed como otros que est\u00e1n siendo evaluados para su integraci\u00f3n.<\/p>\n<p>Si quieres formar parte de nuestra red de tiendas asociadas ponte en contacto con nosotros a trav\u00e9s de nuestro <a title=\"La Rueca, Formulario de Contacto\" href=\"https:\/\/www.laruecapatchwork.com\/contacto\" target=\"_self\">formulario de contacto<\/a>, llam\u00e1ndonos al 881.967.498, o visit\u00e1ndonos en Avda. Finisterre, 15-17 de A Coru\u00f1a.<\/p>\n","protected":false},"excerpt":{"rendered":"<p>Tras su presentaci\u00f3n el pasado mes de Septiembre, el proyecto empresarial \u201cLa Rueca, tienda asociada\u201d, est\u00e1 teniendo gran acogida por parte de las tiendas convocadas, as\u00ed como por la red de proveedores y colaboradores, que ven \u00e9sta iniciativa como medio de integraci\u00f3n, expansi\u00f3n y camino de futuro, para las empresas dedicadas a estas labores. \u201cLa [&hellip;]<\/p>\n","protected":false},"author":14,"featured_media":0,"comment_status":"open","ping_status":"open","sticky":false,"template":"","format":"standard","meta":{"_exactmetrics_skip_tracking":false,"_exactmetrics_sitenote_active":false,"_exactmetrics_sitenote_note":"","_exactmetrics_sitenote_category":0,"footnotes":""},"categories":[22,181,395],"tags":[6,388,8,387],"class_list":["post-2103","post","type-post","status-publish","format-standard","hentry","category-eventos","category-novedades","category-tiendas-asociadas","tag-la-rueca","tag-labores","tag-patchwork","tag-tienda-asociada"],"aioseo_notices":[],"_links":{"self":[{"href":"https:\/\/laruecapatchwork.com\/mundo_patchwork\/wp-json\/wp\/v2\/posts\/2103","targetHints":{"allow":["GET"]}}],"collection":[{"href":"https:\/\/laruecapatchwork.com\/mundo_patchwork\/wp-json\/wp\/v2\/posts"}],"about":[{"href":"https:\/\/laruecapatchwork.com\/mundo_patchwork\/wp-json\/wp\/v2\/types\/post"}],"author":[{"embeddable":true,"href":"https:\/\/laruecapatchwork.com\/mundo_patchwork\/wp-json\/wp\/v2\/users\/14"}],"replies":[{"embeddable":true,"href":"https:\/\/laruecapatchwork.com\/mundo_patchwork\/wp-json\/wp\/v2\/comments?post=2103"}],"version-history":[{"count":0,"href":"https:\/\/laruecapatchwork.com\/mundo_patchwork\/wp-json\/wp\/v2\/posts\/2103\/revisions"}],"wp:attachment":[{"href":"https:\/\/laruecapatchwork.com\/mundo_patchwork\/wp-json\/wp\/v2\/media?parent=2103"}],"wp:term":[{"taxonomy":"category","embeddable":true,"href":"https:\/\/laruecapatchwork.com\/mundo_patchwork\/wp-json\/wp\/v2\/categories?post=2103"},{"taxonomy":"post_tag","embeddable":true,"href":"https:\/\/laruecapatchwork.com\/mundo_patchwork\/wp-json\/wp\/v2\/tags?post=2103"}],"curies":[{"name":"wp","href":"https:\/\/api.w.org\/{rel}","templated":true}]}}