{"id":2229,"date":"2011-11-29T11:15:22","date_gmt":"2011-11-29T09:15:22","guid":{"rendered":"http:\/\/www.laruecapatchwork.com\/mundo_patchwork\/?p=2229"},"modified":"2018-02-16T22:47:18","modified_gmt":"2018-02-16T20:47:18","slug":"la-rueca-tiendas-asociadas-en-a-revista-fin-de-semana","status":"publish","type":"post","link":"https:\/\/laruecapatchwork.com\/mundo_patchwork\/la-rueca-tiendas-asociadas-en-a-revista-fin-de-semana","title":{"rendered":"La Rueca Tiendas Asociadas en A Revista Fin de Semana"},"content":{"rendered":"<p style=\"text-align: justify;\">Nuestros amigos de la Televisi\u00f3n de Galicia Bel\u00e9n Ba\u00f1os, Carlos S\u00e1enz-D\u00edez y Agust\u00edn G. Pesqueira nos dedican un reportaje en el programa A Revista Fin De Semana.<\/p>\n<p style=\"text-align: justify;\">En esta ocasi\u00f3n el motivo es la creaci\u00f3n de la primera red gallega profesional de tiendas y escuela de formaci\u00f3n de labores. Fue emitido el d\u00eda 30 de octubre de 2011.<\/p>\n<p style=\"text-align: center;\"><iframe loading=\"lazy\" width=\"640\" height=\"480\" src=\"http:\/\/www.youtube.com\/embed\/Qq6fTQffwQA?rel=0\" frameborder=\"0\" allowfullscreen><\/iframe><\/p>\n<p>Esperamos que os guste.<\/p>\n","protected":false},"excerpt":{"rendered":"<p>Nuestros amigos de la Televisi\u00f3n de Galicia Bel\u00e9n Ba\u00f1os, Carlos S\u00e1enz-D\u00edez y Agust\u00edn G. Pesqueira nos dedican un reportaje en el programa A Revista Fin De Semana. En esta ocasi\u00f3n el motivo es la creaci\u00f3n de la primera red gallega profesional de tiendas y escuela de formaci\u00f3n de labores. Fue emitido el d\u00eda 30 de [&hellip;]<\/p>\n","protected":false},"author":14,"featured_media":0,"comment_status":"closed","ping_status":"closed","sticky":false,"template":"","format":"standard","meta":{"_exactmetrics_skip_tracking":false,"footnotes":""},"categories":[604,18,94,395],"tags":[11,606,127,10,9],"class_list":["post-2229","post","type-post","status-publish","format-standard","hentry","category-la-rueca-patchwork-en-youtube","category-nuestras-tiendas","category-reportajes","category-tiendas-asociadas","tag-a-revista","tag-belen-banos","tag-raquel-sueiras","tag-tvg","tag-video"],"aioseo_notices":[],"aioseo_head":"\n\t\t<!-- All in One SEO 4.9.10 - aioseo.com -->\n\t<meta name=\"description\" content=\"Nuestros amigos de la Televisi\u00f3n de Galicia Bel\u00e9n Ba\u00f1os, Carlos S\u00e1enz-D\u00edez y Agust\u00edn G. Pesqueira nos dedican un reportaje en el programa A Revista Fin De Semana. En esta ocasi\u00f3n el motivo es la creaci\u00f3n de la primera red gallega profesional de tiendas y escuela de formaci\u00f3n de labores. Fue emitido el d\u00eda 30 de\" \/>\n\t<meta name=\"robots\" content=\"max-image-preview:large\" \/>\n\t<meta name=\"author\" content=\"Raquel\"\/>\n\t<link rel=\"canonical\" href=\"https:\/\/laruecapatchwork.com\/mundo_patchwork\/la-rueca-tiendas-asociadas-en-a-revista-fin-de-semana\" \/>\n\t<meta name=\"generator\" content=\"All in One SEO (AIOSEO) 4.9.10\" \/>\n\t\t<meta property=\"og:locale\" content=\"es_ES\" \/>\n\t\t<meta property=\"og:site_name\" content=\"La Rueca Patchwork \u00b7 Su tienda de labores en Internet | Novedades del Mundo Patchwork\" \/>\n\t\t<meta property=\"og:type\" content=\"article\" \/>\n\t\t<meta property=\"og:title\" content=\"La Rueca Tiendas Asociadas en A Revista Fin de Semana | La Rueca Patchwork \u00b7 Su tienda de labores en Internet\" \/>\n\t\t<meta property=\"og:description\" content=\"Nuestros amigos de la Televisi\u00f3n de Galicia Bel\u00e9n Ba\u00f1os, Carlos S\u00e1enz-D\u00edez y Agust\u00edn G. Pesqueira nos dedican un reportaje en el programa A Revista Fin De Semana. En esta ocasi\u00f3n el motivo es la creaci\u00f3n de la primera red gallega profesional de tiendas y escuela de formaci\u00f3n de labores. Fue emitido el d\u00eda 30 de\" \/>\n\t\t<meta property=\"og:url\" content=\"https:\/\/laruecapatchwork.com\/mundo_patchwork\/la-rueca-tiendas-asociadas-en-a-revista-fin-de-semana\" \/>\n\t\t<meta property=\"article:published_time\" content=\"2011-11-29T09:15:22+00:00\" \/>\n\t\t<meta property=\"article:modified_time\" content=\"2018-02-16T20:47:18+00:00\" \/>\n\t\t<meta name=\"twitter:card\" content=\"summary\" \/>\n\t\t<meta name=\"twitter:title\" content=\"La Rueca Tiendas Asociadas en A Revista Fin de Semana | La Rueca Patchwork \u00b7 Su tienda de labores en Internet\" \/>\n\t\t<meta name=\"twitter:description\" content=\"Nuestros amigos de la Televisi\u00f3n de Galicia Bel\u00e9n Ba\u00f1os, Carlos S\u00e1enz-D\u00edez y Agust\u00edn G. Pesqueira nos dedican un reportaje en el programa A Revista Fin De Semana. En esta ocasi\u00f3n el motivo es la creaci\u00f3n de la primera red gallega profesional de tiendas y escuela de formaci\u00f3n de labores. Fue emitido el d\u00eda 30 de\" \/>\n\t\t<script type=\"application\/ld+json\" class=\"aioseo-schema\">\n\t\t\t{\"@context\":\"https:\\\/\\\/schema.org\",\"@graph\":[{\"@type\":\"Article\",\"@id\":\"https:\\\/\\\/laruecapatchwork.com\\\/mundo_patchwork\\\/la-rueca-tiendas-asociadas-en-a-revista-fin-de-semana#article\",\"name\":\"La Rueca Tiendas Asociadas en A Revista Fin de Semana | La Rueca Patchwork \\u00b7 Su tienda de labores en Internet\",\"headline\":\"La Rueca Tiendas Asociadas en A Revista Fin de Semana\",\"author\":{\"@id\":\"https:\\\/\\\/laruecapatchwork.com\\\/mundo_patchwork\\\/author\\\/raquel#author\"},\"publisher\":{\"@id\":\"https:\\\/\\\/laruecapatchwork.com\\\/mundo_patchwork\\\/#organization\"},\"datePublished\":\"2011-11-29T11:15:22+02:00\",\"dateModified\":\"2018-02-16T22:47:18+02:00\",\"inLanguage\":\"es-ES\",\"mainEntityOfPage\":{\"@id\":\"https:\\\/\\\/laruecapatchwork.com\\\/mundo_patchwork\\\/la-rueca-tiendas-asociadas-en-a-revista-fin-de-semana#webpage\"},\"isPartOf\":{\"@id\":\"https:\\\/\\\/laruecapatchwork.com\\\/mundo_patchwork\\\/la-rueca-tiendas-asociadas-en-a-revista-fin-de-semana#webpage\"},\"articleSection\":\"Canal TV - Youtube, Nuestras Tiendas, Reportajes, Tiendas Asociadas, A Revista, Bel\\u00e9n Ba\\u00f1os, Raquel Sueiras, TVG, V\\u00eddeo\"},{\"@type\":\"BreadcrumbList\",\"@id\":\"https:\\\/\\\/laruecapatchwork.com\\\/mundo_patchwork\\\/la-rueca-tiendas-asociadas-en-a-revista-fin-de-semana#breadcrumblist\",\"itemListElement\":[{\"@type\":\"ListItem\",\"@id\":\"https:\\\/\\\/laruecapatchwork.com\\\/mundo_patchwork#listItem\",\"position\":1,\"name\":\"Inicio\",\"item\":\"https:\\\/\\\/laruecapatchwork.com\\\/mundo_patchwork\",\"nextItem\":{\"@type\":\"ListItem\",\"@id\":\"https:\\\/\\\/laruecapatchwork.com\\\/mundo_patchwork\\\/categoria\\\/nuestras-tiendas#listItem\",\"name\":\"Nuestras Tiendas\"}},{\"@type\":\"ListItem\",\"@id\":\"https:\\\/\\\/laruecapatchwork.com\\\/mundo_patchwork\\\/categoria\\\/nuestras-tiendas#listItem\",\"position\":2,\"name\":\"Nuestras Tiendas\",\"item\":\"https:\\\/\\\/laruecapatchwork.com\\\/mundo_patchwork\\\/categoria\\\/nuestras-tiendas\",\"nextItem\":{\"@type\":\"ListItem\",\"@id\":\"https:\\\/\\\/laruecapatchwork.com\\\/mundo_patchwork\\\/la-rueca-tiendas-asociadas-en-a-revista-fin-de-semana#listItem\",\"name\":\"La Rueca Tiendas Asociadas en A Revista Fin de Semana\"},\"previousItem\":{\"@type\":\"ListItem\",\"@id\":\"https:\\\/\\\/laruecapatchwork.com\\\/mundo_patchwork#listItem\",\"name\":\"Inicio\"}},{\"@type\":\"ListItem\",\"@id\":\"https:\\\/\\\/laruecapatchwork.com\\\/mundo_patchwork\\\/la-rueca-tiendas-asociadas-en-a-revista-fin-de-semana#listItem\",\"position\":3,\"name\":\"La Rueca Tiendas Asociadas en A Revista Fin de Semana\",\"previousItem\":{\"@type\":\"ListItem\",\"@id\":\"https:\\\/\\\/laruecapatchwork.com\\\/mundo_patchwork\\\/categoria\\\/nuestras-tiendas#listItem\",\"name\":\"Nuestras Tiendas\"}}]},{\"@type\":\"Organization\",\"@id\":\"https:\\\/\\\/laruecapatchwork.com\\\/mundo_patchwork\\\/#organization\",\"name\":\"La Rueca Patchwork \\u00b7 Su tienda de labores en Internet\",\"description\":\"Novedades del Mundo Patchwork\",\"url\":\"https:\\\/\\\/laruecapatchwork.com\\\/mundo_patchwork\\\/\"},{\"@type\":\"Person\",\"@id\":\"https:\\\/\\\/laruecapatchwork.com\\\/mundo_patchwork\\\/author\\\/raquel#author\",\"url\":\"https:\\\/\\\/laruecapatchwork.com\\\/mundo_patchwork\\\/author\\\/raquel\",\"name\":\"Raquel\",\"image\":{\"@type\":\"ImageObject\",\"@id\":\"https:\\\/\\\/laruecapatchwork.com\\\/mundo_patchwork\\\/la-rueca-tiendas-asociadas-en-a-revista-fin-de-semana#authorImage\",\"url\":\"https:\\\/\\\/secure.gravatar.com\\\/avatar\\\/229ae7dce2c2e8b7e1a394b8ce5d3c5059480fef0dd0b1fc0bb4e71162d9406d?s=96&d=identicon&r=g\",\"width\":96,\"height\":96,\"caption\":\"Raquel\"}},{\"@type\":\"WebPage\",\"@id\":\"https:\\\/\\\/laruecapatchwork.com\\\/mundo_patchwork\\\/la-rueca-tiendas-asociadas-en-a-revista-fin-de-semana#webpage\",\"url\":\"https:\\\/\\\/laruecapatchwork.com\\\/mundo_patchwork\\\/la-rueca-tiendas-asociadas-en-a-revista-fin-de-semana\",\"name\":\"La Rueca Tiendas Asociadas en A Revista Fin de Semana | La Rueca Patchwork \\u00b7 Su tienda de labores en Internet\",\"description\":\"Nuestros amigos de la Televisi\\u00f3n de Galicia Bel\\u00e9n Ba\\u00f1os, Carlos S\\u00e1enz-D\\u00edez y Agust\\u00edn G. Pesqueira nos dedican un reportaje en el programa A Revista Fin De Semana. En esta ocasi\\u00f3n el motivo es la creaci\\u00f3n de la primera red gallega profesional de tiendas y escuela de formaci\\u00f3n de labores. Fue emitido el d\\u00eda 30 de\",\"inLanguage\":\"es-ES\",\"isPartOf\":{\"@id\":\"https:\\\/\\\/laruecapatchwork.com\\\/mundo_patchwork\\\/#website\"},\"breadcrumb\":{\"@id\":\"https:\\\/\\\/laruecapatchwork.com\\\/mundo_patchwork\\\/la-rueca-tiendas-asociadas-en-a-revista-fin-de-semana#breadcrumblist\"},\"author\":{\"@id\":\"https:\\\/\\\/laruecapatchwork.com\\\/mundo_patchwork\\\/author\\\/raquel#author\"},\"creator\":{\"@id\":\"https:\\\/\\\/laruecapatchwork.com\\\/mundo_patchwork\\\/author\\\/raquel#author\"},\"datePublished\":\"2011-11-29T11:15:22+02:00\",\"dateModified\":\"2018-02-16T22:47:18+02:00\"},{\"@type\":\"WebSite\",\"@id\":\"https:\\\/\\\/laruecapatchwork.com\\\/mundo_patchwork\\\/#website\",\"url\":\"https:\\\/\\\/laruecapatchwork.com\\\/mundo_patchwork\\\/\",\"name\":\"La Rueca Patchwork \\u00b7 Su tienda de labores en Internet\",\"description\":\"Novedades del Mundo Patchwork\",\"inLanguage\":\"es-ES\",\"publisher\":{\"@id\":\"https:\\\/\\\/laruecapatchwork.com\\\/mundo_patchwork\\\/#organization\"}}]}\n\t\t<\/script>\n\t\t<!-- All in One SEO -->\n\n","aioseo_head_json":{"title":"La Rueca Tiendas Asociadas en A Revista Fin de Semana | La Rueca Patchwork \u00b7 Su tienda de labores en Internet","description":"Nuestros amigos de la Televisi\u00f3n de Galicia Bel\u00e9n Ba\u00f1os, Carlos S\u00e1enz-D\u00edez y Agust\u00edn G. Pesqueira nos dedican un reportaje en el programa A Revista Fin De Semana. En esta ocasi\u00f3n el motivo es la creaci\u00f3n de la primera red gallega profesional de tiendas y escuela de formaci\u00f3n de labores. Fue emitido el d\u00eda 30 de","canonical_url":"https:\/\/laruecapatchwork.com\/mundo_patchwork\/la-rueca-tiendas-asociadas-en-a-revista-fin-de-semana","robots":"max-image-preview:large","keywords":"","webmasterTools":{"miscellaneous":""},"schema":{"@context":"https:\/\/schema.org","@graph":[{"@type":"Article","@id":"https:\/\/laruecapatchwork.com\/mundo_patchwork\/la-rueca-tiendas-asociadas-en-a-revista-fin-de-semana#article","name":"La Rueca Tiendas Asociadas en A Revista Fin de Semana | La Rueca Patchwork \u00b7 Su tienda de labores en Internet","headline":"La Rueca Tiendas Asociadas en A Revista Fin de Semana","author":{"@id":"https:\/\/laruecapatchwork.com\/mundo_patchwork\/author\/raquel#author"},"publisher":{"@id":"https:\/\/laruecapatchwork.com\/mundo_patchwork\/#organization"},"datePublished":"2011-11-29T11:15:22+02:00","dateModified":"2018-02-16T22:47:18+02:00","inLanguage":"es-ES","mainEntityOfPage":{"@id":"https:\/\/laruecapatchwork.com\/mundo_patchwork\/la-rueca-tiendas-asociadas-en-a-revista-fin-de-semana#webpage"},"isPartOf":{"@id":"https:\/\/laruecapatchwork.com\/mundo_patchwork\/la-rueca-tiendas-asociadas-en-a-revista-fin-de-semana#webpage"},"articleSection":"Canal TV - Youtube, Nuestras Tiendas, Reportajes, Tiendas Asociadas, A Revista, Bel\u00e9n Ba\u00f1os, Raquel Sueiras, TVG, V\u00eddeo"},{"@type":"BreadcrumbList","@id":"https:\/\/laruecapatchwork.com\/mundo_patchwork\/la-rueca-tiendas-asociadas-en-a-revista-fin-de-semana#breadcrumblist","itemListElement":[{"@type":"ListItem","@id":"https:\/\/laruecapatchwork.com\/mundo_patchwork#listItem","position":1,"name":"Inicio","item":"https:\/\/laruecapatchwork.com\/mundo_patchwork","nextItem":{"@type":"ListItem","@id":"https:\/\/laruecapatchwork.com\/mundo_patchwork\/categoria\/nuestras-tiendas#listItem","name":"Nuestras Tiendas"}},{"@type":"ListItem","@id":"https:\/\/laruecapatchwork.com\/mundo_patchwork\/categoria\/nuestras-tiendas#listItem","position":2,"name":"Nuestras Tiendas","item":"https:\/\/laruecapatchwork.com\/mundo_patchwork\/categoria\/nuestras-tiendas","nextItem":{"@type":"ListItem","@id":"https:\/\/laruecapatchwork.com\/mundo_patchwork\/la-rueca-tiendas-asociadas-en-a-revista-fin-de-semana#listItem","name":"La Rueca Tiendas Asociadas en A Revista Fin de Semana"},"previousItem":{"@type":"ListItem","@id":"https:\/\/laruecapatchwork.com\/mundo_patchwork#listItem","name":"Inicio"}},{"@type":"ListItem","@id":"https:\/\/laruecapatchwork.com\/mundo_patchwork\/la-rueca-tiendas-asociadas-en-a-revista-fin-de-semana#listItem","position":3,"name":"La Rueca Tiendas Asociadas en A Revista Fin de Semana","previousItem":{"@type":"ListItem","@id":"https:\/\/laruecapatchwork.com\/mundo_patchwork\/categoria\/nuestras-tiendas#listItem","name":"Nuestras Tiendas"}}]},{"@type":"Organization","@id":"https:\/\/laruecapatchwork.com\/mundo_patchwork\/#organization","name":"La Rueca Patchwork \u00b7 Su tienda de labores en Internet","description":"Novedades del Mundo Patchwork","url":"https:\/\/laruecapatchwork.com\/mundo_patchwork\/"},{"@type":"Person","@id":"https:\/\/laruecapatchwork.com\/mundo_patchwork\/author\/raquel#author","url":"https:\/\/laruecapatchwork.com\/mundo_patchwork\/author\/raquel","name":"Raquel","image":{"@type":"ImageObject","@id":"https:\/\/laruecapatchwork.com\/mundo_patchwork\/la-rueca-tiendas-asociadas-en-a-revista-fin-de-semana#authorImage","url":"https:\/\/secure.gravatar.com\/avatar\/229ae7dce2c2e8b7e1a394b8ce5d3c5059480fef0dd0b1fc0bb4e71162d9406d?s=96&d=identicon&r=g","width":96,"height":96,"caption":"Raquel"}},{"@type":"WebPage","@id":"https:\/\/laruecapatchwork.com\/mundo_patchwork\/la-rueca-tiendas-asociadas-en-a-revista-fin-de-semana#webpage","url":"https:\/\/laruecapatchwork.com\/mundo_patchwork\/la-rueca-tiendas-asociadas-en-a-revista-fin-de-semana","name":"La Rueca Tiendas Asociadas en A Revista Fin de Semana | La Rueca Patchwork \u00b7 Su tienda de labores en Internet","description":"Nuestros amigos de la Televisi\u00f3n de Galicia Bel\u00e9n Ba\u00f1os, Carlos S\u00e1enz-D\u00edez y Agust\u00edn G. Pesqueira nos dedican un reportaje en el programa A Revista Fin De Semana. En esta ocasi\u00f3n el motivo es la creaci\u00f3n de la primera red gallega profesional de tiendas y escuela de formaci\u00f3n de labores. Fue emitido el d\u00eda 30 de","inLanguage":"es-ES","isPartOf":{"@id":"https:\/\/laruecapatchwork.com\/mundo_patchwork\/#website"},"breadcrumb":{"@id":"https:\/\/laruecapatchwork.com\/mundo_patchwork\/la-rueca-tiendas-asociadas-en-a-revista-fin-de-semana#breadcrumblist"},"author":{"@id":"https:\/\/laruecapatchwork.com\/mundo_patchwork\/author\/raquel#author"},"creator":{"@id":"https:\/\/laruecapatchwork.com\/mundo_patchwork\/author\/raquel#author"},"datePublished":"2011-11-29T11:15:22+02:00","dateModified":"2018-02-16T22:47:18+02:00"},{"@type":"WebSite","@id":"https:\/\/laruecapatchwork.com\/mundo_patchwork\/#website","url":"https:\/\/laruecapatchwork.com\/mundo_patchwork\/","name":"La Rueca Patchwork \u00b7 Su tienda de labores en Internet","description":"Novedades del Mundo Patchwork","inLanguage":"es-ES","publisher":{"@id":"https:\/\/laruecapatchwork.com\/mundo_patchwork\/#organization"}}]},"og:locale":"es_ES","og:site_name":"La Rueca Patchwork \u00b7 Su tienda de labores en Internet | Novedades del Mundo Patchwork","og:type":"article","og:title":"La Rueca Tiendas Asociadas en A Revista Fin de Semana | La Rueca Patchwork \u00b7 Su tienda de labores en Internet","og:description":"Nuestros amigos de la Televisi\u00f3n de Galicia Bel\u00e9n Ba\u00f1os, Carlos S\u00e1enz-D\u00edez y Agust\u00edn G. Pesqueira nos dedican un reportaje en el programa A Revista Fin De Semana. En esta ocasi\u00f3n el motivo es la creaci\u00f3n de la primera red gallega profesional de tiendas y escuela de formaci\u00f3n de labores. Fue emitido el d\u00eda 30 de","og:url":"https:\/\/laruecapatchwork.com\/mundo_patchwork\/la-rueca-tiendas-asociadas-en-a-revista-fin-de-semana","article:published_time":"2011-11-29T09:15:22+00:00","article:modified_time":"2018-02-16T20:47:18+00:00","twitter:card":"summary","twitter:title":"La Rueca Tiendas Asociadas en A Revista Fin de Semana | La Rueca Patchwork \u00b7 Su tienda de labores en Internet","twitter:description":"Nuestros amigos de la Televisi\u00f3n de Galicia Bel\u00e9n Ba\u00f1os, Carlos S\u00e1enz-D\u00edez y Agust\u00edn G. Pesqueira nos dedican un reportaje en el programa A Revista Fin De Semana. En esta ocasi\u00f3n el motivo es la creaci\u00f3n de la primera red gallega profesional de tiendas y escuela de formaci\u00f3n de labores. Fue emitido el d\u00eda 30 de"},"aioseo_meta_data":{"post_id":"2229","title":null,"description":null,"keywords":null,"keyphrases":null,"primary_term":null,"canonical_url":null,"og_title":null,"og_description":null,"og_object_type":"default","og_image_type":"default","og_image_url":null,"og_image_width":null,"og_image_height":null,"og_image_custom_url":null,"og_image_custom_fields":null,"og_video":null,"og_custom_url":null,"og_article_section":null,"og_article_tags":null,"twitter_use_og":false,"twitter_card":"default","twitter_image_type":"default","twitter_image_url":null,"twitter_image_custom_url":null,"twitter_image_custom_fields":null,"twitter_title":null,"twitter_description":null,"schema":{"blockGraphs":[],"customGraphs":[],"default":{"data":{"Article":[],"Course":[],"Dataset":[],"FAQPage":[],"Movie":[],"Person":[],"Product":[],"ProductReview":[],"Car":[],"Recipe":[],"Service":[],"SoftwareApplication":[],"WebPage":[]},"graphName":"","isEnabled":true},"graphs":[]},"schema_type":null,"schema_type_options":null,"pillar_content":false,"robots_default":true,"robots_noindex":false,"robots_noarchive":false,"robots_nosnippet":false,"robots_nofollow":false,"robots_noimageindex":false,"robots_noodp":false,"robots_notranslate":false,"robots_max_snippet":null,"robots_max_videopreview":null,"robots_max_imagepreview":"large","priority":null,"frequency":null,"local_seo":null,"breadcrumb_settings":null,"limit_modified_date":false,"ai":null,"created":"2021-05-24 09:52:53","updated":"2025-07-18 16:18:37","seo_analyzer_scan_date":null},"aioseo_breadcrumb":"<div class=\"aioseo-breadcrumbs\"><span class=\"aioseo-breadcrumb\">\n\t\t\t<a href=\"https:\/\/laruecapatchwork.com\/mundo_patchwork\" title=\"Inicio\">Inicio<\/a>\n\t\t<\/span><span class=\"aioseo-breadcrumb-separator\">&raquo;<\/span><span class=\"aioseo-breadcrumb\">\n\t\t\t<a href=\"https:\/\/laruecapatchwork.com\/mundo_patchwork\/categoria\/nuestras-tiendas\" title=\"Nuestras Tiendas\">Nuestras Tiendas<\/a>\n\t\t<\/span><span class=\"aioseo-breadcrumb-separator\">&raquo;<\/span><span class=\"aioseo-breadcrumb\">\n\t\t\tLa Rueca Tiendas Asociadas en A Revista Fin de Semana\n\t\t<\/span><\/div>","aioseo_breadcrumb_json":[{"label":"Inicio","link":"https:\/\/laruecapatchwork.com\/mundo_patchwork"},{"label":"Nuestras Tiendas","link":"https:\/\/laruecapatchwork.com\/mundo_patchwork\/categoria\/nuestras-tiendas"},{"label":"La Rueca Tiendas Asociadas en A Revista Fin de Semana","link":"https:\/\/laruecapatchwork.com\/mundo_patchwork\/la-rueca-tiendas-asociadas-en-a-revista-fin-de-semana"}],"_links":{"self":[{"href":"https:\/\/laruecapatchwork.com\/mundo_patchwork\/wp-json\/wp\/v2\/posts\/2229","targetHints":{"allow":["GET"]}}],"collection":[{"href":"https:\/\/laruecapatchwork.com\/mundo_patchwork\/wp-json\/wp\/v2\/posts"}],"about":[{"href":"https:\/\/laruecapatchwork.com\/mundo_patchwork\/wp-json\/wp\/v2\/types\/post"}],"author":[{"embeddable":true,"href":"https:\/\/laruecapatchwork.com\/mundo_patchwork\/wp-json\/wp\/v2\/users\/14"}],"replies":[{"embeddable":true,"href":"https:\/\/laruecapatchwork.com\/mundo_patchwork\/wp-json\/wp\/v2\/comments?post=2229"}],"version-history":[{"count":0,"href":"https:\/\/laruecapatchwork.com\/mundo_patchwork\/wp-json\/wp\/v2\/posts\/2229\/revisions"}],"wp:attachment":[{"href":"https:\/\/laruecapatchwork.com\/mundo_patchwork\/wp-json\/wp\/v2\/media?parent=2229"}],"wp:term":[{"taxonomy":"category","embeddable":true,"href":"https:\/\/laruecapatchwork.com\/mundo_patchwork\/wp-json\/wp\/v2\/categories?post=2229"},{"taxonomy":"post_tag","embeddable":true,"href":"https:\/\/laruecapatchwork.com\/mundo_patchwork\/wp-json\/wp\/v2\/tags?post=2229"}],"curies":[{"name":"wp","href":"https:\/\/api.w.org\/{rel}","templated":true}]}}