{"id":3195,"date":"2014-09-30T20:56:42","date_gmt":"2014-09-30T18:56:42","guid":{"rendered":"http:\/\/www.laruecapatchwork.com\/mundo_patchwork\/?p=3195"},"modified":"2016-10-05T13:19:05","modified_gmt":"2016-10-05T11:19:05","slug":"curso-de-iniciacion-al-acolchado-a-maquina-la-rueca","status":"publish","type":"post","link":"https:\/\/laruecapatchwork.com\/mundo_patchwork\/curso-de-iniciacion-al-acolchado-a-maquina-la-rueca","title":{"rendered":"Curso de Iniciaci\u00f3n al Acolchado a M\u00e1quina La Rueca"},"content":{"rendered":"<p>El proximo 18 de Octubre, comenzar\u00e1 el <strong>Curso de Iniciaci\u00f3n al Acolchado a M\u00e1quina La Rueca<\/strong> en nuestra tienda de Coru\u00f1a.<\/p>\n<p><strong>Ficha T\u00e9cnica del Curso:<\/strong><\/p>\n<table style=\"border-collapse: collapse; height: 155px;\" border=\"0\" cellspacing=\"0\" cellpadding=\"0\" width=\"641\">\n<colgroup span=\"1\">\n<col style=\"width: 60pt;\" span=\"1\" width=\"80\"><\/col>\n<col style=\"width: 120pt;\" span=\"1\" width=\"160\"><\/col>\n<col style=\"width: 301pt;\" span=\"1\" width=\"401\"><\/col>\n<\/colgroup>\n<tbody>\n<tr style=\"height: 17.25pt;\">\n<td style=\"border: medium none #d4d0c8; width: 60pt; height: 17.25pt; background-color: transparent;\" width=\"80\" height=\"23\"><\/td>\n<td style=\"border: medium none #d4d0c8; width: 120pt; background-color: transparent;\" width=\"160\"><strong><span style=\"font-family: Arial Unicode MS; font-size: small;\">Impartido por:<\/span><\/strong><\/td>\n<td style=\"border: medium none #d4d0c8; width: 301pt; background-color: transparent;\" width=\"401\"><strong><span style=\"font-family: Arial Unicode MS; font-size: small;\">Pepa de la Morena<\/span><\/strong><\/td>\n<\/tr>\n<tr style=\"height: 17.25pt;\">\n<td style=\"border: medium none #d4d0c8; height: 17.25pt; background-color: transparent;\" height=\"23\"><\/td>\n<td style=\"background-color: transparent; border: medium none #d4d0c8;\"><span style=\"font-size: small;\"><span style=\"font-family: Arial Unicode MS;\"><strong>Lugar:<\/strong><\/span><\/span><\/td>\n<td style=\"background-color: transparent; border: medium none #d4d0c8;\"><span style=\"font-family: Arial Unicode MS; font-size: small;\">Avda. Finisterre, 15-17 (La Coru\u00f1a)<\/span><\/td>\n<\/tr>\n<tr style=\"height: 17.25pt;\">\n<td style=\"border: medium none #d4d0c8; height: 17.25pt; background-color: transparent;\" height=\"23\"><\/td>\n<td style=\"background-color: transparent; border: medium none #d4d0c8;\"><span style=\"font-size: small;\"><span style=\"font-family: Arial Unicode MS;\"><strong>Fecha Inicio:<\/strong><\/span><\/span><\/td>\n<td style=\"background-color: transparent; border: medium none #d4d0c8;\"><span style=\"font-family: Arial Unicode MS; font-size: small;\">18 de octubre 2.014 <\/span><\/td>\n<\/tr>\n<tr style=\"height: 17.25pt;\">\n<td style=\"border: medium none #d4d0c8; height: 17.25pt; background-color: transparent;\" height=\"23\"><\/td>\n<td style=\"background-color: transparent; border: medium none #d4d0c8;\"><span style=\"font-size: small;\"><span style=\"font-family: Arial Unicode MS;\"><strong>Duraci\u00f3n:<\/strong><\/span><\/span><\/td>\n<td style=\"background-color: transparent; border: medium none #d4d0c8;\"><span style=\"font-family: Arial Unicode MS; font-size: small;\">1 clase mensual de 4 horas.<\/span><\/td>\n<td style=\"border: medium none #d4d0c8; height: 17.25pt; background-color: transparent;\" height=\"23\"><\/td>\n<td style=\"background-color: transparent; border: medium none #d4d0c8;\"><\/td>\n<td style=\"background-color: transparent; border: medium none #d4d0c8;\"><\/td>\n<\/tr>\n<tr style=\"height: 17.25pt;\">\n<td style=\"border: medium none #d4d0c8; height: 17.25pt; background-color: transparent;\" height=\"23\"><\/td>\n<td style=\"background-color: transparent; border: medium none #d4d0c8;\"><span style=\"font-size: small;\"><span style=\"font-family: Arial Unicode MS;\"><strong>Dirigido a:<\/strong><\/span><\/span><\/td>\n<td style=\"background-color: transparent; border: medium none #d4d0c8;\"><span style=\"font-family: Arial Unicode MS; font-size: small;\">Mujeres y Hombres con cierta destreza en m\u00e1quina de coser.<br \/>\n<\/span><\/td>\n<\/tr>\n<\/tbody>\n<\/table>\n<h4>Descripci\u00f3n:<\/h4>\n<p>El <strong><strong>Curso de Iniciaci\u00f3n al Acolchado a M\u00e1quina La Rueca<\/strong>, <\/strong>est\u00e1 pensado para personas con cierta destreza en el uso de la m\u00e1quina de coser.<\/p>\n<p>El acolchado a m\u00e1quina se ense\u00f1ar\u00e1 de forma progresiva incrementando el nivel, adapt\u00e1ndose  a la destreza que cada alumna adquiera durante las clases de 4 horas que se han programado para este curso.<\/p>\n<p>Las t\u00e9cnicas impartidas ser\u00e1n:<\/p>\n<p>&#8211;<strong>Acolchado en l\u00ednea recta<\/strong>: Sobre costura, acanalado, en cuadricula.<\/p>\n<p>&#8211;<strong>Acolchado movimiento libre: <\/strong>Rectas, curvas, bucles, puntas y esquinas, curva continua, acolchado de  contorno, acolchado punteado, plumas.<\/p>\n<p>El contenido del curso incluye ejercicios presenciales que se realizaran durante las clases y ejercicios que las alumnas se llevaran a casa para seguir practicando.<\/p>\n<h4><strong>Materiales:<\/strong><\/h4>\n<p>-M\u00e1quina de coser.<\/p>\n<p>-Pr\u00e9nsatelas de acolchado libre y doble arrastre.<\/p>\n<p>-Agujas para m\u00e1quina 60, 70, 80<\/p>\n<p>-Telas lisas de colores claros, 8 trozos de 25&#215;25 cm. 1    trozo de 50x50cm.<\/p>\n<p>-Hilo del mismo color que la tela<\/p>\n<p>-Guata: 1 trozo de 50&#215;50, 2 trozos de 25&#215;25.<\/p>\n<p>-Imperdibles para acolchado o pistola de navet.<\/p>\n<p>-Regla m\u00ednimo 30  cm, preferiblemente en Pulgadas<\/p>\n<p>-L\u00e1piz para pintar en tela,<\/p>\n<p>-Tijeras<\/p>\n<p>-Folios en blanco.<\/p>\n<h4><strong>Inscripci\u00f3n:<\/strong><\/h4>\n<p>La inscripci\u00f3n al <strong>Curso de Iniciaci\u00f3n al Acolchado a M\u00e1quina La Rueca<\/strong> debe realizarse en nuestra tienda de la Avda. Finisterre,15-17 o bien llamado al n\u00famero de tel\u00e9fono 881.967.498. El n\u00famero de plazas es limitado y la reserva ser\u00e1 por orden de inscripci\u00f3n.<\/p>\n<p><a href=\"https:\/\/www.laruecapatchwork.com\/mundo_patchwork\/wp-content\/uploads\/2014\/09\/Acolchado1.jpg\" class=\"thickbox no_icon\"><img loading=\"lazy\" decoding=\"async\" class=\"alignright size-medium wp-image-3196\" title=\"Acolchado a maquina\" src=\"https:\/\/www.laruecapatchwork.com\/mundo_patchwork\/wp-content\/uploads\/2014\/09\/Acolchado1-300x225.jpg\" alt=\"Acolchado a maquina\" width=\"300\" height=\"225\" srcset=\"https:\/\/laruecapatchwork.com\/mundo_patchwork\/wp-content\/uploads\/2014\/09\/Acolchado1-300x225.jpg 300w, https:\/\/laruecapatchwork.com\/mundo_patchwork\/wp-content\/uploads\/2014\/09\/Acolchado1.jpg 556w\" sizes=\"auto, (max-width: 300px) 100vw, 300px\" \/><\/a><a href=\"https:\/\/www.laruecapatchwork.com\/mundo_patchwork\/wp-content\/uploads\/2014\/09\/Acolchado.jpg\" class=\"thickbox no_icon\"><img loading=\"lazy\" decoding=\"async\" class=\"alignleft size-medium wp-image-3197\" title=\"Acolchado a maquina\" src=\"https:\/\/www.laruecapatchwork.com\/mundo_patchwork\/wp-content\/uploads\/2014\/09\/Acolchado-300x124.jpg\" alt=\"Acolchado a maquina\" width=\"300\" height=\"124\" srcset=\"https:\/\/laruecapatchwork.com\/mundo_patchwork\/wp-content\/uploads\/2014\/09\/Acolchado-300x124.jpg 300w, https:\/\/laruecapatchwork.com\/mundo_patchwork\/wp-content\/uploads\/2014\/09\/Acolchado.jpg 1006w\" sizes=\"auto, (max-width: 300px) 100vw, 300px\" \/><\/a><\/p>\n","protected":false},"excerpt":{"rendered":"<p>El proximo 18 de Octubre, comenzar\u00e1 el Curso de Iniciaci\u00f3n al Acolchado a M\u00e1quina La Rueca en nuestra tienda de Coru\u00f1a. Ficha T\u00e9cnica del Curso: Impartido por: Pepa de la Morena Lugar: Avda. Finisterre, 15-17 (La Coru\u00f1a) Fecha Inicio: 18 de octubre 2.014 Duraci\u00f3n: 1 clase mensual de 4 horas. Dirigido a: Mujeres y Hombres [&hellip;]<\/p>\n","protected":false},"author":14,"featured_media":0,"comment_status":"open","ping_status":"open","sticky":false,"template":"","format":"standard","meta":{"_exactmetrics_skip_tracking":false,"_exactmetrics_sitenote_active":false,"_exactmetrics_sitenote_note":"","_exactmetrics_sitenote_category":0,"footnotes":""},"categories":[5],"tags":[155,467,461,462,539,542,8,446],"class_list":["post-3195","post","type-post","status-publish","format-standard","hentry","category-mundo-patchwork","tag-acolchado-a-maquina","tag-acolchado-de-contorno","tag-acolchado-en-linea-recta","tag-acolchado-libre","tag-cursos","tag-monograficos","tag-patchwork","tag-pepa-de-la-morena"],"aioseo_notices":[],"_links":{"self":[{"href":"https:\/\/laruecapatchwork.com\/mundo_patchwork\/wp-json\/wp\/v2\/posts\/3195","targetHints":{"allow":["GET"]}}],"collection":[{"href":"https:\/\/laruecapatchwork.com\/mundo_patchwork\/wp-json\/wp\/v2\/posts"}],"about":[{"href":"https:\/\/laruecapatchwork.com\/mundo_patchwork\/wp-json\/wp\/v2\/types\/post"}],"author":[{"embeddable":true,"href":"https:\/\/laruecapatchwork.com\/mundo_patchwork\/wp-json\/wp\/v2\/users\/14"}],"replies":[{"embeddable":true,"href":"https:\/\/laruecapatchwork.com\/mundo_patchwork\/wp-json\/wp\/v2\/comments?post=3195"}],"version-history":[{"count":0,"href":"https:\/\/laruecapatchwork.com\/mundo_patchwork\/wp-json\/wp\/v2\/posts\/3195\/revisions"}],"wp:attachment":[{"href":"https:\/\/laruecapatchwork.com\/mundo_patchwork\/wp-json\/wp\/v2\/media?parent=3195"}],"wp:term":[{"taxonomy":"category","embeddable":true,"href":"https:\/\/laruecapatchwork.com\/mundo_patchwork\/wp-json\/wp\/v2\/categories?post=3195"},{"taxonomy":"post_tag","embeddable":true,"href":"https:\/\/laruecapatchwork.com\/mundo_patchwork\/wp-json\/wp\/v2\/tags?post=3195"}],"curies":[{"name":"wp","href":"https:\/\/api.w.org\/{rel}","templated":true}]}}