{"id":3523,"date":"2016-04-13T21:30:33","date_gmt":"2016-04-13T19:30:33","guid":{"rendered":"http:\/\/www.laruecapatchwork.com\/mundo_patchwork\/?p=3523"},"modified":"2018-01-26T19:04:21","modified_gmt":"2018-01-26T17:04:21","slug":"exposicion-de-patchwork-la-rueca","status":"publish","type":"post","link":"https:\/\/laruecapatchwork.com\/mundo_patchwork\/exposicion-de-patchwork-la-rueca","title":{"rendered":"Exposici\u00f3n de Patchwork La Rueca"},"content":{"rendered":"<p>El pr\u00f3ximo viernes d\u00eda 16 de abril de 2.016 inauguramos una exposici\u00f3n de Patchwork en la <em><strong>sala de exposiciones del centro cultural Vista Alegre de Bandeira &#8211; Silleda;<\/strong><\/em> ser\u00e1n expuestos trabajos de patchwork realizados por <strong>Raquel Sueiras<\/strong> y <strong>Suso Montouto<\/strong>; os adjuntamos cartel con informaci\u00f3n de horarios etc.<\/p>\n<p><a href=\"https:\/\/www.google.es\/maps\/place\/Asociaci%C3%B3n+Cultural+Vista+Alegre\/@42.7316312,-8.3090896,17z\/data=!3m1!4b1!4m2!3m1!1s0xd2fb01dc7bbce37:0x7b0cf1c7105a3f95\">Click aqui para obtener situaci\u00f3n de exposici\u00f3n<\/a><\/p>\n<p>Estais todos\/as invitados\/as<\/p>\n<p><a href=\"https:\/\/www.laruecapatchwork.com\/mundo_patchwork\/wp-content\/uploads\/2016\/04\/La-Rueca.jpg\" class=\"thickbox no_icon\"><img loading=\"lazy\" decoding=\"async\" class=\"aligncenter size-medium wp-image-3524\" title=\"Cartel\" src=\"https:\/\/www.laruecapatchwork.com\/mundo_patchwork\/wp-content\/uploads\/2016\/04\/La-Rueca-211x300.jpg\" alt=\"Cartel\" width=\"211\" height=\"300\" srcset=\"https:\/\/laruecapatchwork.com\/mundo_patchwork\/wp-content\/uploads\/2016\/04\/La-Rueca-211x300.jpg 211w, https:\/\/laruecapatchwork.com\/mundo_patchwork\/wp-content\/uploads\/2016\/04\/La-Rueca.jpg 602w\" sizes=\"auto, (max-width: 211px) 100vw, 211px\" \/><\/a><\/p>\n","protected":false},"excerpt":{"rendered":"<p>El pr\u00f3ximo viernes d\u00eda 16 de abril de 2.016 inauguramos una exposici\u00f3n de Patchwork en la sala de exposiciones del centro cultural Vista Alegre de Bandeira &#8211; Silleda; ser\u00e1n expuestos trabajos de patchwork realizados por Raquel Sueiras y Suso Montouto; os adjuntamos cartel con informaci\u00f3n de horarios etc. Click aqui para obtener situaci\u00f3n de exposici\u00f3n [&hellip;]<\/p>\n","protected":false},"author":14,"featured_media":0,"comment_status":"closed","ping_status":"closed","sticky":false,"template":"","format":"standard","meta":{"_exactmetrics_skip_tracking":false,"footnotes":""},"categories":[22,5,94],"tags":[520,522,6,8,521,519],"class_list":["post-3523","post","type-post","status-publish","format-standard","hentry","category-eventos","category-mundo-patchwork","category-reportajes","tag-bandeira","tag-exposicion","tag-la-rueca","tag-patchwork","tag-silleda","tag-vista-alegre"],"aioseo_notices":[],"aioseo_head":"\n\t\t<!-- All in One SEO 4.9.10 - aioseo.com -->\n\t<meta name=\"description\" content=\"El pr\u00f3ximo viernes d\u00eda 16 de abril de 2.016 inauguramos una exposici\u00f3n de Patchwork en la sala de exposiciones del centro cultural Vista Alegre de Bandeira - Silleda; ser\u00e1n expuestos trabajos de patchwork realizados por Raquel Sueiras y Suso Montouto; os adjuntamos cartel con informaci\u00f3n de horarios etc. Click aqui para obtener situaci\u00f3n de exposici\u00f3n\" \/>\n\t<meta name=\"robots\" content=\"max-image-preview:large\" \/>\n\t<meta name=\"author\" content=\"Raquel\"\/>\n\t<link rel=\"canonical\" href=\"https:\/\/laruecapatchwork.com\/mundo_patchwork\/exposicion-de-patchwork-la-rueca\" \/>\n\t<meta name=\"generator\" content=\"All in One SEO (AIOSEO) 4.9.10\" \/>\n\t\t<meta property=\"og:locale\" content=\"es_ES\" \/>\n\t\t<meta property=\"og:site_name\" content=\"La Rueca Patchwork \u00b7 Su tienda de labores en Internet | Novedades del Mundo Patchwork\" \/>\n\t\t<meta property=\"og:type\" content=\"article\" \/>\n\t\t<meta property=\"og:title\" content=\"Exposici\u00f3n de Patchwork La Rueca | La Rueca Patchwork \u00b7 Su tienda de labores en Internet\" \/>\n\t\t<meta property=\"og:description\" content=\"El pr\u00f3ximo viernes d\u00eda 16 de abril de 2.016 inauguramos una exposici\u00f3n de Patchwork en la sala de exposiciones del centro cultural Vista Alegre de Bandeira - Silleda; ser\u00e1n expuestos trabajos de patchwork realizados por Raquel Sueiras y Suso Montouto; os adjuntamos cartel con informaci\u00f3n de horarios etc. Click aqui para obtener situaci\u00f3n de exposici\u00f3n\" \/>\n\t\t<meta property=\"og:url\" content=\"https:\/\/laruecapatchwork.com\/mundo_patchwork\/exposicion-de-patchwork-la-rueca\" \/>\n\t\t<meta property=\"article:published_time\" content=\"2016-04-13T19:30:33+00:00\" \/>\n\t\t<meta property=\"article:modified_time\" content=\"2018-01-26T17:04:21+00:00\" \/>\n\t\t<meta name=\"twitter:card\" content=\"summary\" \/>\n\t\t<meta name=\"twitter:title\" content=\"Exposici\u00f3n de Patchwork La Rueca | La Rueca Patchwork \u00b7 Su tienda de labores en Internet\" \/>\n\t\t<meta name=\"twitter:description\" content=\"El pr\u00f3ximo viernes d\u00eda 16 de abril de 2.016 inauguramos una exposici\u00f3n de Patchwork en la sala de exposiciones del centro cultural Vista Alegre de Bandeira - Silleda; ser\u00e1n expuestos trabajos de patchwork realizados por Raquel Sueiras y Suso Montouto; os adjuntamos cartel con informaci\u00f3n de horarios etc. Click aqui para obtener situaci\u00f3n de exposici\u00f3n\" \/>\n\t\t<script type=\"application\/ld+json\" class=\"aioseo-schema\">\n\t\t\t{\"@context\":\"https:\\\/\\\/schema.org\",\"@graph\":[{\"@type\":\"Article\",\"@id\":\"https:\\\/\\\/laruecapatchwork.com\\\/mundo_patchwork\\\/exposicion-de-patchwork-la-rueca#article\",\"name\":\"Exposici\\u00f3n de Patchwork La Rueca | La Rueca Patchwork \\u00b7 Su tienda de labores en Internet\",\"headline\":\"Exposici\\u00f3n de Patchwork La Rueca\",\"author\":{\"@id\":\"https:\\\/\\\/laruecapatchwork.com\\\/mundo_patchwork\\\/author\\\/raquel#author\"},\"publisher\":{\"@id\":\"https:\\\/\\\/laruecapatchwork.com\\\/mundo_patchwork\\\/#organization\"},\"image\":{\"@type\":\"ImageObject\",\"url\":\"https:\\\/\\\/www.laruecapatchwork.com\\\/mundo_patchwork\\\/wp-content\\\/uploads\\\/2016\\\/04\\\/La-Rueca-211x300.jpg\",\"@id\":\"https:\\\/\\\/laruecapatchwork.com\\\/mundo_patchwork\\\/exposicion-de-patchwork-la-rueca\\\/#articleImage\"},\"datePublished\":\"2016-04-13T21:30:33+02:00\",\"dateModified\":\"2018-01-26T19:04:21+02:00\",\"inLanguage\":\"es-ES\",\"mainEntityOfPage\":{\"@id\":\"https:\\\/\\\/laruecapatchwork.com\\\/mundo_patchwork\\\/exposicion-de-patchwork-la-rueca#webpage\"},\"isPartOf\":{\"@id\":\"https:\\\/\\\/laruecapatchwork.com\\\/mundo_patchwork\\\/exposicion-de-patchwork-la-rueca#webpage\"},\"articleSection\":\"Eventos, Mundo Patchwork, Reportajes, Bandeira, exposicion, La Rueca, Patchwork, Silleda, Vista Alegre\"},{\"@type\":\"BreadcrumbList\",\"@id\":\"https:\\\/\\\/laruecapatchwork.com\\\/mundo_patchwork\\\/exposicion-de-patchwork-la-rueca#breadcrumblist\",\"itemListElement\":[{\"@type\":\"ListItem\",\"@id\":\"https:\\\/\\\/laruecapatchwork.com\\\/mundo_patchwork#listItem\",\"position\":1,\"name\":\"Inicio\",\"item\":\"https:\\\/\\\/laruecapatchwork.com\\\/mundo_patchwork\",\"nextItem\":{\"@type\":\"ListItem\",\"@id\":\"https:\\\/\\\/laruecapatchwork.com\\\/mundo_patchwork\\\/categoria\\\/mundo-patchwork#listItem\",\"name\":\"Mundo Patchwork\"}},{\"@type\":\"ListItem\",\"@id\":\"https:\\\/\\\/laruecapatchwork.com\\\/mundo_patchwork\\\/categoria\\\/mundo-patchwork#listItem\",\"position\":2,\"name\":\"Mundo Patchwork\",\"item\":\"https:\\\/\\\/laruecapatchwork.com\\\/mundo_patchwork\\\/categoria\\\/mundo-patchwork\",\"nextItem\":{\"@type\":\"ListItem\",\"@id\":\"https:\\\/\\\/laruecapatchwork.com\\\/mundo_patchwork\\\/exposicion-de-patchwork-la-rueca#listItem\",\"name\":\"Exposici\\u00f3n de Patchwork La Rueca\"},\"previousItem\":{\"@type\":\"ListItem\",\"@id\":\"https:\\\/\\\/laruecapatchwork.com\\\/mundo_patchwork#listItem\",\"name\":\"Inicio\"}},{\"@type\":\"ListItem\",\"@id\":\"https:\\\/\\\/laruecapatchwork.com\\\/mundo_patchwork\\\/exposicion-de-patchwork-la-rueca#listItem\",\"position\":3,\"name\":\"Exposici\\u00f3n de Patchwork La Rueca\",\"previousItem\":{\"@type\":\"ListItem\",\"@id\":\"https:\\\/\\\/laruecapatchwork.com\\\/mundo_patchwork\\\/categoria\\\/mundo-patchwork#listItem\",\"name\":\"Mundo Patchwork\"}}]},{\"@type\":\"Organization\",\"@id\":\"https:\\\/\\\/laruecapatchwork.com\\\/mundo_patchwork\\\/#organization\",\"name\":\"La Rueca Patchwork \\u00b7 Su tienda de labores en Internet\",\"description\":\"Novedades del Mundo Patchwork\",\"url\":\"https:\\\/\\\/laruecapatchwork.com\\\/mundo_patchwork\\\/\"},{\"@type\":\"Person\",\"@id\":\"https:\\\/\\\/laruecapatchwork.com\\\/mundo_patchwork\\\/author\\\/raquel#author\",\"url\":\"https:\\\/\\\/laruecapatchwork.com\\\/mundo_patchwork\\\/author\\\/raquel\",\"name\":\"Raquel\",\"image\":{\"@type\":\"ImageObject\",\"@id\":\"https:\\\/\\\/laruecapatchwork.com\\\/mundo_patchwork\\\/exposicion-de-patchwork-la-rueca#authorImage\",\"url\":\"https:\\\/\\\/secure.gravatar.com\\\/avatar\\\/229ae7dce2c2e8b7e1a394b8ce5d3c5059480fef0dd0b1fc0bb4e71162d9406d?s=96&d=identicon&r=g\",\"width\":96,\"height\":96,\"caption\":\"Raquel\"}},{\"@type\":\"WebPage\",\"@id\":\"https:\\\/\\\/laruecapatchwork.com\\\/mundo_patchwork\\\/exposicion-de-patchwork-la-rueca#webpage\",\"url\":\"https:\\\/\\\/laruecapatchwork.com\\\/mundo_patchwork\\\/exposicion-de-patchwork-la-rueca\",\"name\":\"Exposici\\u00f3n de Patchwork La Rueca | La Rueca Patchwork \\u00b7 Su tienda de labores en Internet\",\"description\":\"El pr\\u00f3ximo viernes d\\u00eda 16 de abril de 2.016 inauguramos una exposici\\u00f3n de Patchwork en la sala de exposiciones del centro cultural Vista Alegre de Bandeira - Silleda; ser\\u00e1n expuestos trabajos de patchwork realizados por Raquel Sueiras y Suso Montouto; os adjuntamos cartel con informaci\\u00f3n de horarios etc. Click aqui para obtener situaci\\u00f3n de exposici\\u00f3n\",\"inLanguage\":\"es-ES\",\"isPartOf\":{\"@id\":\"https:\\\/\\\/laruecapatchwork.com\\\/mundo_patchwork\\\/#website\"},\"breadcrumb\":{\"@id\":\"https:\\\/\\\/laruecapatchwork.com\\\/mundo_patchwork\\\/exposicion-de-patchwork-la-rueca#breadcrumblist\"},\"author\":{\"@id\":\"https:\\\/\\\/laruecapatchwork.com\\\/mundo_patchwork\\\/author\\\/raquel#author\"},\"creator\":{\"@id\":\"https:\\\/\\\/laruecapatchwork.com\\\/mundo_patchwork\\\/author\\\/raquel#author\"},\"datePublished\":\"2016-04-13T21:30:33+02:00\",\"dateModified\":\"2018-01-26T19:04:21+02:00\"},{\"@type\":\"WebSite\",\"@id\":\"https:\\\/\\\/laruecapatchwork.com\\\/mundo_patchwork\\\/#website\",\"url\":\"https:\\\/\\\/laruecapatchwork.com\\\/mundo_patchwork\\\/\",\"name\":\"La Rueca Patchwork \\u00b7 Su tienda de labores en Internet\",\"description\":\"Novedades del Mundo Patchwork\",\"inLanguage\":\"es-ES\",\"publisher\":{\"@id\":\"https:\\\/\\\/laruecapatchwork.com\\\/mundo_patchwork\\\/#organization\"}}]}\n\t\t<\/script>\n\t\t<!-- All in One SEO -->\n\n","aioseo_head_json":{"title":"Exposici\u00f3n de Patchwork La Rueca | La Rueca Patchwork \u00b7 Su tienda de labores en Internet","description":"El pr\u00f3ximo viernes d\u00eda 16 de abril de 2.016 inauguramos una exposici\u00f3n de Patchwork en la sala de exposiciones del centro cultural Vista Alegre de Bandeira - Silleda; ser\u00e1n expuestos trabajos de patchwork realizados por Raquel Sueiras y Suso Montouto; os adjuntamos cartel con informaci\u00f3n de horarios etc. Click aqui para obtener situaci\u00f3n de exposici\u00f3n","canonical_url":"https:\/\/laruecapatchwork.com\/mundo_patchwork\/exposicion-de-patchwork-la-rueca","robots":"max-image-preview:large","keywords":"","webmasterTools":{"miscellaneous":""},"schema":{"@context":"https:\/\/schema.org","@graph":[{"@type":"Article","@id":"https:\/\/laruecapatchwork.com\/mundo_patchwork\/exposicion-de-patchwork-la-rueca#article","name":"Exposici\u00f3n de Patchwork La Rueca | La Rueca Patchwork \u00b7 Su tienda de labores en Internet","headline":"Exposici\u00f3n de Patchwork La Rueca","author":{"@id":"https:\/\/laruecapatchwork.com\/mundo_patchwork\/author\/raquel#author"},"publisher":{"@id":"https:\/\/laruecapatchwork.com\/mundo_patchwork\/#organization"},"image":{"@type":"ImageObject","url":"https:\/\/www.laruecapatchwork.com\/mundo_patchwork\/wp-content\/uploads\/2016\/04\/La-Rueca-211x300.jpg","@id":"https:\/\/laruecapatchwork.com\/mundo_patchwork\/exposicion-de-patchwork-la-rueca\/#articleImage"},"datePublished":"2016-04-13T21:30:33+02:00","dateModified":"2018-01-26T19:04:21+02:00","inLanguage":"es-ES","mainEntityOfPage":{"@id":"https:\/\/laruecapatchwork.com\/mundo_patchwork\/exposicion-de-patchwork-la-rueca#webpage"},"isPartOf":{"@id":"https:\/\/laruecapatchwork.com\/mundo_patchwork\/exposicion-de-patchwork-la-rueca#webpage"},"articleSection":"Eventos, Mundo Patchwork, Reportajes, Bandeira, exposicion, La Rueca, Patchwork, Silleda, Vista Alegre"},{"@type":"BreadcrumbList","@id":"https:\/\/laruecapatchwork.com\/mundo_patchwork\/exposicion-de-patchwork-la-rueca#breadcrumblist","itemListElement":[{"@type":"ListItem","@id":"https:\/\/laruecapatchwork.com\/mundo_patchwork#listItem","position":1,"name":"Inicio","item":"https:\/\/laruecapatchwork.com\/mundo_patchwork","nextItem":{"@type":"ListItem","@id":"https:\/\/laruecapatchwork.com\/mundo_patchwork\/categoria\/mundo-patchwork#listItem","name":"Mundo Patchwork"}},{"@type":"ListItem","@id":"https:\/\/laruecapatchwork.com\/mundo_patchwork\/categoria\/mundo-patchwork#listItem","position":2,"name":"Mundo Patchwork","item":"https:\/\/laruecapatchwork.com\/mundo_patchwork\/categoria\/mundo-patchwork","nextItem":{"@type":"ListItem","@id":"https:\/\/laruecapatchwork.com\/mundo_patchwork\/exposicion-de-patchwork-la-rueca#listItem","name":"Exposici\u00f3n de Patchwork La Rueca"},"previousItem":{"@type":"ListItem","@id":"https:\/\/laruecapatchwork.com\/mundo_patchwork#listItem","name":"Inicio"}},{"@type":"ListItem","@id":"https:\/\/laruecapatchwork.com\/mundo_patchwork\/exposicion-de-patchwork-la-rueca#listItem","position":3,"name":"Exposici\u00f3n de Patchwork La Rueca","previousItem":{"@type":"ListItem","@id":"https:\/\/laruecapatchwork.com\/mundo_patchwork\/categoria\/mundo-patchwork#listItem","name":"Mundo Patchwork"}}]},{"@type":"Organization","@id":"https:\/\/laruecapatchwork.com\/mundo_patchwork\/#organization","name":"La Rueca Patchwork \u00b7 Su tienda de labores en Internet","description":"Novedades del Mundo Patchwork","url":"https:\/\/laruecapatchwork.com\/mundo_patchwork\/"},{"@type":"Person","@id":"https:\/\/laruecapatchwork.com\/mundo_patchwork\/author\/raquel#author","url":"https:\/\/laruecapatchwork.com\/mundo_patchwork\/author\/raquel","name":"Raquel","image":{"@type":"ImageObject","@id":"https:\/\/laruecapatchwork.com\/mundo_patchwork\/exposicion-de-patchwork-la-rueca#authorImage","url":"https:\/\/secure.gravatar.com\/avatar\/229ae7dce2c2e8b7e1a394b8ce5d3c5059480fef0dd0b1fc0bb4e71162d9406d?s=96&d=identicon&r=g","width":96,"height":96,"caption":"Raquel"}},{"@type":"WebPage","@id":"https:\/\/laruecapatchwork.com\/mundo_patchwork\/exposicion-de-patchwork-la-rueca#webpage","url":"https:\/\/laruecapatchwork.com\/mundo_patchwork\/exposicion-de-patchwork-la-rueca","name":"Exposici\u00f3n de Patchwork La Rueca | La Rueca Patchwork \u00b7 Su tienda de labores en Internet","description":"El pr\u00f3ximo viernes d\u00eda 16 de abril de 2.016 inauguramos una exposici\u00f3n de Patchwork en la sala de exposiciones del centro cultural Vista Alegre de Bandeira - Silleda; ser\u00e1n expuestos trabajos de patchwork realizados por Raquel Sueiras y Suso Montouto; os adjuntamos cartel con informaci\u00f3n de horarios etc. Click aqui para obtener situaci\u00f3n de exposici\u00f3n","inLanguage":"es-ES","isPartOf":{"@id":"https:\/\/laruecapatchwork.com\/mundo_patchwork\/#website"},"breadcrumb":{"@id":"https:\/\/laruecapatchwork.com\/mundo_patchwork\/exposicion-de-patchwork-la-rueca#breadcrumblist"},"author":{"@id":"https:\/\/laruecapatchwork.com\/mundo_patchwork\/author\/raquel#author"},"creator":{"@id":"https:\/\/laruecapatchwork.com\/mundo_patchwork\/author\/raquel#author"},"datePublished":"2016-04-13T21:30:33+02:00","dateModified":"2018-01-26T19:04:21+02:00"},{"@type":"WebSite","@id":"https:\/\/laruecapatchwork.com\/mundo_patchwork\/#website","url":"https:\/\/laruecapatchwork.com\/mundo_patchwork\/","name":"La Rueca Patchwork \u00b7 Su tienda de labores en Internet","description":"Novedades del Mundo Patchwork","inLanguage":"es-ES","publisher":{"@id":"https:\/\/laruecapatchwork.com\/mundo_patchwork\/#organization"}}]},"og:locale":"es_ES","og:site_name":"La Rueca Patchwork \u00b7 Su tienda de labores en Internet | Novedades del Mundo Patchwork","og:type":"article","og:title":"Exposici\u00f3n de Patchwork La Rueca | La Rueca Patchwork \u00b7 Su tienda de labores en Internet","og:description":"El pr\u00f3ximo viernes d\u00eda 16 de abril de 2.016 inauguramos una exposici\u00f3n de Patchwork en la sala de exposiciones del centro cultural Vista Alegre de Bandeira - Silleda; ser\u00e1n expuestos trabajos de patchwork realizados por Raquel Sueiras y Suso Montouto; os adjuntamos cartel con informaci\u00f3n de horarios etc. Click aqui para obtener situaci\u00f3n de exposici\u00f3n","og:url":"https:\/\/laruecapatchwork.com\/mundo_patchwork\/exposicion-de-patchwork-la-rueca","article:published_time":"2016-04-13T19:30:33+00:00","article:modified_time":"2018-01-26T17:04:21+00:00","twitter:card":"summary","twitter:title":"Exposici\u00f3n de Patchwork La Rueca | La Rueca Patchwork \u00b7 Su tienda de labores en Internet","twitter:description":"El pr\u00f3ximo viernes d\u00eda 16 de abril de 2.016 inauguramos una exposici\u00f3n de Patchwork en la sala de exposiciones del centro cultural Vista Alegre de Bandeira - Silleda; ser\u00e1n expuestos trabajos de patchwork realizados por Raquel Sueiras y Suso Montouto; os adjuntamos cartel con informaci\u00f3n de horarios etc. Click aqui para obtener situaci\u00f3n de exposici\u00f3n"},"aioseo_meta_data":{"post_id":"3523","title":null,"description":null,"keywords":null,"keyphrases":null,"primary_term":null,"canonical_url":null,"og_title":null,"og_description":null,"og_object_type":"default","og_image_type":"default","og_image_url":null,"og_image_width":null,"og_image_height":null,"og_image_custom_url":null,"og_image_custom_fields":null,"og_video":null,"og_custom_url":null,"og_article_section":null,"og_article_tags":null,"twitter_use_og":false,"twitter_card":"default","twitter_image_type":"default","twitter_image_url":null,"twitter_image_custom_url":null,"twitter_image_custom_fields":null,"twitter_title":null,"twitter_description":null,"schema":{"blockGraphs":[],"customGraphs":[],"default":{"data":{"Article":[],"Course":[],"Dataset":[],"FAQPage":[],"Movie":[],"Person":[],"Product":[],"ProductReview":[],"Car":[],"Recipe":[],"Service":[],"SoftwareApplication":[],"WebPage":[]},"graphName":"","isEnabled":true},"graphs":[]},"schema_type":null,"schema_type_options":null,"pillar_content":false,"robots_default":true,"robots_noindex":false,"robots_noarchive":false,"robots_nosnippet":false,"robots_nofollow":false,"robots_noimageindex":false,"robots_noodp":false,"robots_notranslate":false,"robots_max_snippet":null,"robots_max_videopreview":null,"robots_max_imagepreview":"large","priority":null,"frequency":null,"local_seo":null,"breadcrumb_settings":null,"limit_modified_date":false,"ai":null,"created":"2021-05-24 09:45:43","updated":"2025-07-18 10:20:15","seo_analyzer_scan_date":null},"aioseo_breadcrumb":"<div class=\"aioseo-breadcrumbs\"><span class=\"aioseo-breadcrumb\">\n\t\t\t<a href=\"https:\/\/laruecapatchwork.com\/mundo_patchwork\" title=\"Inicio\">Inicio<\/a>\n\t\t<\/span><span class=\"aioseo-breadcrumb-separator\">&raquo;<\/span><span class=\"aioseo-breadcrumb\">\n\t\t\t<a href=\"https:\/\/laruecapatchwork.com\/mundo_patchwork\/categoria\/mundo-patchwork\" title=\"Mundo Patchwork\">Mundo Patchwork<\/a>\n\t\t<\/span><span class=\"aioseo-breadcrumb-separator\">&raquo;<\/span><span class=\"aioseo-breadcrumb\">\n\t\t\tExposici\u00f3n de Patchwork La Rueca\n\t\t<\/span><\/div>","aioseo_breadcrumb_json":[{"label":"Inicio","link":"https:\/\/laruecapatchwork.com\/mundo_patchwork"},{"label":"Mundo Patchwork","link":"https:\/\/laruecapatchwork.com\/mundo_patchwork\/categoria\/mundo-patchwork"},{"label":"Exposici\u00f3n de Patchwork La Rueca","link":"https:\/\/laruecapatchwork.com\/mundo_patchwork\/exposicion-de-patchwork-la-rueca"}],"_links":{"self":[{"href":"https:\/\/laruecapatchwork.com\/mundo_patchwork\/wp-json\/wp\/v2\/posts\/3523","targetHints":{"allow":["GET"]}}],"collection":[{"href":"https:\/\/laruecapatchwork.com\/mundo_patchwork\/wp-json\/wp\/v2\/posts"}],"about":[{"href":"https:\/\/laruecapatchwork.com\/mundo_patchwork\/wp-json\/wp\/v2\/types\/post"}],"author":[{"embeddable":true,"href":"https:\/\/laruecapatchwork.com\/mundo_patchwork\/wp-json\/wp\/v2\/users\/14"}],"replies":[{"embeddable":true,"href":"https:\/\/laruecapatchwork.com\/mundo_patchwork\/wp-json\/wp\/v2\/comments?post=3523"}],"version-history":[{"count":0,"href":"https:\/\/laruecapatchwork.com\/mundo_patchwork\/wp-json\/wp\/v2\/posts\/3523\/revisions"}],"wp:attachment":[{"href":"https:\/\/laruecapatchwork.com\/mundo_patchwork\/wp-json\/wp\/v2\/media?parent=3523"}],"wp:term":[{"taxonomy":"category","embeddable":true,"href":"https:\/\/laruecapatchwork.com\/mundo_patchwork\/wp-json\/wp\/v2\/categories?post=3523"},{"taxonomy":"post_tag","embeddable":true,"href":"https:\/\/laruecapatchwork.com\/mundo_patchwork\/wp-json\/wp\/v2\/tags?post=3523"}],"curies":[{"name":"wp","href":"https:\/\/api.w.org\/{rel}","templated":true}]}}