{"id":3682,"date":"2016-08-26T19:21:28","date_gmt":"2016-08-26T17:21:28","guid":{"rendered":"http:\/\/www.laruecapatchwork.com\/mundo_patchwork\/?p=3682"},"modified":"2017-09-08T16:26:29","modified_gmt":"2017-09-08T14:26:29","slug":"curso-2016-2017","status":"publish","type":"post","link":"https:\/\/laruecapatchwork.com\/mundo_patchwork\/curso-2016-2017","title":{"rendered":"Horarios de Cursos 2016-2017"},"content":{"rendered":"<p>El pr\u00f3ximo d\u00eda 1 de Septiembre comienza el curso 2016-2017 en La Rueca; como <span style=\"color: #ff0000;\"><strong>novedad<\/strong><\/span> ampliamos horario de clases de <span style=\"color: #ff0000;\"><strong>corte y confecci\u00f3n<\/strong><\/span> a los <span style=\"color: #ff0000;\"><strong>s\u00e1bados por la ma\u00f1ana<\/strong><\/span><\/p>\n<p>Os dejamos el cuadro de horarios de clases.<\/p>\n<p><a><img loading=\"lazy\" decoding=\"async\" class=\"aligncenter wp-image-3683\" title=\"Clases 2016-2017\" src=\"https:\/\/www.laruecapatchwork.com\/mundo_patchwork\/wp-content\/uploads\/2016\/08\/Clases-300x284.jpg\" alt=\"Clases 2016-2017\" width=\"600\" height=\"568\" srcset=\"https:\/\/laruecapatchwork.com\/mundo_patchwork\/wp-content\/uploads\/2016\/08\/Clases-300x284.jpg 300w, https:\/\/laruecapatchwork.com\/mundo_patchwork\/wp-content\/uploads\/2016\/08\/Clases-1024x970.jpg 1024w, https:\/\/laruecapatchwork.com\/mundo_patchwork\/wp-content\/uploads\/2016\/08\/Clases.jpg 1051w\" sizes=\"auto, (max-width: 600px) 100vw, 600px\" \/><\/a><\/p>\n","protected":false},"excerpt":{"rendered":"<p>M\u00e1s informaci\u00f3n &#8230;<\/p>\n","protected":false},"author":14,"featured_media":0,"comment_status":"open","ping_status":"open","sticky":false,"template":"","format":"standard","meta":{"_exactmetrics_skip_tracking":false,"footnotes":""},"categories":[3,5],"tags":[65,306,434,320,405,330,6,542,8],"class_list":["post-3682","post","type-post","status-publish","format-standard","hentry","category-cursos","category-mundo-patchwork","tag-bolillos","tag-calceta","tag-clases","tag-clases-labores","tag-corte-y-confeccion","tag-encaje","tag-la-rueca","tag-monograficos","tag-patchwork"],"aioseo_notices":[],"aioseo_head":"\n\t\t<!-- All in One SEO 4.9.10 - aioseo.com -->\n\t<meta name=\"description\" content=\"El pr\u00f3ximo d\u00eda 1 de Septiembre comienza el curso 2016-2017. Como novedad ampliamos horario de clases de corte y confecci\u00f3n a los s\u00e1bados por la ma\u00f1ana.\" \/>\n\t<meta name=\"robots\" content=\"max-image-preview:large\" \/>\n\t<meta name=\"author\" content=\"Raquel\"\/>\n\t<link rel=\"canonical\" href=\"https:\/\/laruecapatchwork.com\/mundo_patchwork\/curso-2016-2017\" \/>\n\t<meta name=\"generator\" content=\"All in One SEO (AIOSEO) 4.9.10\" \/>\n\t\t<meta property=\"og:locale\" content=\"es_ES\" \/>\n\t\t<meta property=\"og:site_name\" content=\"La Rueca Patchwork \u00b7 Su tienda de labores en Internet | Novedades del Mundo Patchwork\" \/>\n\t\t<meta property=\"og:type\" content=\"article\" \/>\n\t\t<meta property=\"og:title\" content=\"Horarios de Cursos 2016-2017 | La Rueca Patchwork \u00b7 Su tienda de labores en Internet\" \/>\n\t\t<meta property=\"og:description\" content=\"El pr\u00f3ximo d\u00eda 1 de Septiembre comienza el curso 2016-2017. Como novedad ampliamos horario de clases de corte y confecci\u00f3n a los s\u00e1bados por la ma\u00f1ana.\" \/>\n\t\t<meta property=\"og:url\" content=\"https:\/\/laruecapatchwork.com\/mundo_patchwork\/curso-2016-2017\" \/>\n\t\t<meta property=\"article:published_time\" content=\"2016-08-26T17:21:28+00:00\" \/>\n\t\t<meta property=\"article:modified_time\" content=\"2017-09-08T14:26:29+00:00\" \/>\n\t\t<meta name=\"twitter:card\" content=\"summary\" \/>\n\t\t<meta name=\"twitter:title\" content=\"Horarios de Cursos 2016-2017 | La Rueca Patchwork \u00b7 Su tienda de labores en Internet\" \/>\n\t\t<meta name=\"twitter:description\" content=\"El pr\u00f3ximo d\u00eda 1 de Septiembre comienza el curso 2016-2017. Como novedad ampliamos horario de clases de corte y confecci\u00f3n a los s\u00e1bados por la ma\u00f1ana.\" \/>\n\t\t<script type=\"application\/ld+json\" class=\"aioseo-schema\">\n\t\t\t{\"@context\":\"https:\\\/\\\/schema.org\",\"@graph\":[{\"@type\":\"Article\",\"@id\":\"https:\\\/\\\/laruecapatchwork.com\\\/mundo_patchwork\\\/curso-2016-2017#article\",\"name\":\"Horarios de Cursos 2016-2017 | La Rueca Patchwork \\u00b7 Su tienda de labores en Internet\",\"headline\":\"Horarios de Cursos 2016-2017\",\"author\":{\"@id\":\"https:\\\/\\\/laruecapatchwork.com\\\/mundo_patchwork\\\/author\\\/raquel#author\"},\"publisher\":{\"@id\":\"https:\\\/\\\/laruecapatchwork.com\\\/mundo_patchwork\\\/#organization\"},\"image\":{\"@type\":\"ImageObject\",\"url\":\"https:\\\/\\\/www.laruecapatchwork.com\\\/mundo_patchwork\\\/wp-content\\\/uploads\\\/2016\\\/08\\\/Clases-300x284.jpg\",\"@id\":\"https:\\\/\\\/laruecapatchwork.com\\\/mundo_patchwork\\\/curso-2016-2017\\\/#articleImage\"},\"datePublished\":\"2016-08-26T19:21:28+02:00\",\"dateModified\":\"2017-09-08T16:26:29+02:00\",\"inLanguage\":\"es-ES\",\"mainEntityOfPage\":{\"@id\":\"https:\\\/\\\/laruecapatchwork.com\\\/mundo_patchwork\\\/curso-2016-2017#webpage\"},\"isPartOf\":{\"@id\":\"https:\\\/\\\/laruecapatchwork.com\\\/mundo_patchwork\\\/curso-2016-2017#webpage\"},\"articleSection\":\"Cursos, Mundo Patchwork, Bolillos, Calceta, Clases, Clases Labores, Corte y Confeccion, Encaje, La Rueca, Monogr\\u00e1ficos, Patchwork\"},{\"@type\":\"BreadcrumbList\",\"@id\":\"https:\\\/\\\/laruecapatchwork.com\\\/mundo_patchwork\\\/curso-2016-2017#breadcrumblist\",\"itemListElement\":[{\"@type\":\"ListItem\",\"@id\":\"https:\\\/\\\/laruecapatchwork.com\\\/mundo_patchwork#listItem\",\"position\":1,\"name\":\"Inicio\",\"item\":\"https:\\\/\\\/laruecapatchwork.com\\\/mundo_patchwork\",\"nextItem\":{\"@type\":\"ListItem\",\"@id\":\"https:\\\/\\\/laruecapatchwork.com\\\/mundo_patchwork\\\/categoria\\\/eventos#listItem\",\"name\":\"Eventos\"}},{\"@type\":\"ListItem\",\"@id\":\"https:\\\/\\\/laruecapatchwork.com\\\/mundo_patchwork\\\/categoria\\\/eventos#listItem\",\"position\":2,\"name\":\"Eventos\",\"item\":\"https:\\\/\\\/laruecapatchwork.com\\\/mundo_patchwork\\\/categoria\\\/eventos\",\"nextItem\":{\"@type\":\"ListItem\",\"@id\":\"https:\\\/\\\/laruecapatchwork.com\\\/mundo_patchwork\\\/categoria\\\/eventos\\\/cursos#listItem\",\"name\":\"Cursos\"},\"previousItem\":{\"@type\":\"ListItem\",\"@id\":\"https:\\\/\\\/laruecapatchwork.com\\\/mundo_patchwork#listItem\",\"name\":\"Inicio\"}},{\"@type\":\"ListItem\",\"@id\":\"https:\\\/\\\/laruecapatchwork.com\\\/mundo_patchwork\\\/categoria\\\/eventos\\\/cursos#listItem\",\"position\":3,\"name\":\"Cursos\",\"item\":\"https:\\\/\\\/laruecapatchwork.com\\\/mundo_patchwork\\\/categoria\\\/eventos\\\/cursos\",\"nextItem\":{\"@type\":\"ListItem\",\"@id\":\"https:\\\/\\\/laruecapatchwork.com\\\/mundo_patchwork\\\/curso-2016-2017#listItem\",\"name\":\"Horarios de Cursos 2016-2017\"},\"previousItem\":{\"@type\":\"ListItem\",\"@id\":\"https:\\\/\\\/laruecapatchwork.com\\\/mundo_patchwork\\\/categoria\\\/eventos#listItem\",\"name\":\"Eventos\"}},{\"@type\":\"ListItem\",\"@id\":\"https:\\\/\\\/laruecapatchwork.com\\\/mundo_patchwork\\\/curso-2016-2017#listItem\",\"position\":4,\"name\":\"Horarios de Cursos 2016-2017\",\"previousItem\":{\"@type\":\"ListItem\",\"@id\":\"https:\\\/\\\/laruecapatchwork.com\\\/mundo_patchwork\\\/categoria\\\/eventos\\\/cursos#listItem\",\"name\":\"Cursos\"}}]},{\"@type\":\"Organization\",\"@id\":\"https:\\\/\\\/laruecapatchwork.com\\\/mundo_patchwork\\\/#organization\",\"name\":\"La Rueca Patchwork \\u00b7 Su tienda de labores en Internet\",\"description\":\"Novedades del Mundo Patchwork\",\"url\":\"https:\\\/\\\/laruecapatchwork.com\\\/mundo_patchwork\\\/\"},{\"@type\":\"Person\",\"@id\":\"https:\\\/\\\/laruecapatchwork.com\\\/mundo_patchwork\\\/author\\\/raquel#author\",\"url\":\"https:\\\/\\\/laruecapatchwork.com\\\/mundo_patchwork\\\/author\\\/raquel\",\"name\":\"Raquel\",\"image\":{\"@type\":\"ImageObject\",\"@id\":\"https:\\\/\\\/laruecapatchwork.com\\\/mundo_patchwork\\\/curso-2016-2017#authorImage\",\"url\":\"https:\\\/\\\/secure.gravatar.com\\\/avatar\\\/229ae7dce2c2e8b7e1a394b8ce5d3c5059480fef0dd0b1fc0bb4e71162d9406d?s=96&d=identicon&r=g\",\"width\":96,\"height\":96,\"caption\":\"Raquel\"}},{\"@type\":\"WebPage\",\"@id\":\"https:\\\/\\\/laruecapatchwork.com\\\/mundo_patchwork\\\/curso-2016-2017#webpage\",\"url\":\"https:\\\/\\\/laruecapatchwork.com\\\/mundo_patchwork\\\/curso-2016-2017\",\"name\":\"Horarios de Cursos 2016-2017 | La Rueca Patchwork \\u00b7 Su tienda de labores en Internet\",\"description\":\"El pr\\u00f3ximo d\\u00eda 1 de Septiembre comienza el curso 2016-2017. Como novedad ampliamos horario de clases de corte y confecci\\u00f3n a los s\\u00e1bados por la ma\\u00f1ana.\",\"inLanguage\":\"es-ES\",\"isPartOf\":{\"@id\":\"https:\\\/\\\/laruecapatchwork.com\\\/mundo_patchwork\\\/#website\"},\"breadcrumb\":{\"@id\":\"https:\\\/\\\/laruecapatchwork.com\\\/mundo_patchwork\\\/curso-2016-2017#breadcrumblist\"},\"author\":{\"@id\":\"https:\\\/\\\/laruecapatchwork.com\\\/mundo_patchwork\\\/author\\\/raquel#author\"},\"creator\":{\"@id\":\"https:\\\/\\\/laruecapatchwork.com\\\/mundo_patchwork\\\/author\\\/raquel#author\"},\"datePublished\":\"2016-08-26T19:21:28+02:00\",\"dateModified\":\"2017-09-08T16:26:29+02:00\"},{\"@type\":\"WebSite\",\"@id\":\"https:\\\/\\\/laruecapatchwork.com\\\/mundo_patchwork\\\/#website\",\"url\":\"https:\\\/\\\/laruecapatchwork.com\\\/mundo_patchwork\\\/\",\"name\":\"La Rueca Patchwork \\u00b7 Su tienda de labores en Internet\",\"description\":\"Novedades del Mundo Patchwork\",\"inLanguage\":\"es-ES\",\"publisher\":{\"@id\":\"https:\\\/\\\/laruecapatchwork.com\\\/mundo_patchwork\\\/#organization\"}}]}\n\t\t<\/script>\n\t\t<!-- All in One SEO -->\n\n","aioseo_head_json":{"title":"Horarios de Cursos 2016-2017 | La Rueca Patchwork \u00b7 Su tienda de labores en Internet","description":"El pr\u00f3ximo d\u00eda 1 de Septiembre comienza el curso 2016-2017. Como novedad ampliamos horario de clases de corte y confecci\u00f3n a los s\u00e1bados por la ma\u00f1ana.","canonical_url":"https:\/\/laruecapatchwork.com\/mundo_patchwork\/curso-2016-2017","robots":"max-image-preview:large","keywords":"","webmasterTools":{"miscellaneous":""},"schema":{"@context":"https:\/\/schema.org","@graph":[{"@type":"Article","@id":"https:\/\/laruecapatchwork.com\/mundo_patchwork\/curso-2016-2017#article","name":"Horarios de Cursos 2016-2017 | La Rueca Patchwork \u00b7 Su tienda de labores en Internet","headline":"Horarios de Cursos 2016-2017","author":{"@id":"https:\/\/laruecapatchwork.com\/mundo_patchwork\/author\/raquel#author"},"publisher":{"@id":"https:\/\/laruecapatchwork.com\/mundo_patchwork\/#organization"},"image":{"@type":"ImageObject","url":"https:\/\/www.laruecapatchwork.com\/mundo_patchwork\/wp-content\/uploads\/2016\/08\/Clases-300x284.jpg","@id":"https:\/\/laruecapatchwork.com\/mundo_patchwork\/curso-2016-2017\/#articleImage"},"datePublished":"2016-08-26T19:21:28+02:00","dateModified":"2017-09-08T16:26:29+02:00","inLanguage":"es-ES","mainEntityOfPage":{"@id":"https:\/\/laruecapatchwork.com\/mundo_patchwork\/curso-2016-2017#webpage"},"isPartOf":{"@id":"https:\/\/laruecapatchwork.com\/mundo_patchwork\/curso-2016-2017#webpage"},"articleSection":"Cursos, Mundo Patchwork, Bolillos, Calceta, Clases, Clases Labores, Corte y Confeccion, Encaje, La Rueca, Monogr\u00e1ficos, Patchwork"},{"@type":"BreadcrumbList","@id":"https:\/\/laruecapatchwork.com\/mundo_patchwork\/curso-2016-2017#breadcrumblist","itemListElement":[{"@type":"ListItem","@id":"https:\/\/laruecapatchwork.com\/mundo_patchwork#listItem","position":1,"name":"Inicio","item":"https:\/\/laruecapatchwork.com\/mundo_patchwork","nextItem":{"@type":"ListItem","@id":"https:\/\/laruecapatchwork.com\/mundo_patchwork\/categoria\/eventos#listItem","name":"Eventos"}},{"@type":"ListItem","@id":"https:\/\/laruecapatchwork.com\/mundo_patchwork\/categoria\/eventos#listItem","position":2,"name":"Eventos","item":"https:\/\/laruecapatchwork.com\/mundo_patchwork\/categoria\/eventos","nextItem":{"@type":"ListItem","@id":"https:\/\/laruecapatchwork.com\/mundo_patchwork\/categoria\/eventos\/cursos#listItem","name":"Cursos"},"previousItem":{"@type":"ListItem","@id":"https:\/\/laruecapatchwork.com\/mundo_patchwork#listItem","name":"Inicio"}},{"@type":"ListItem","@id":"https:\/\/laruecapatchwork.com\/mundo_patchwork\/categoria\/eventos\/cursos#listItem","position":3,"name":"Cursos","item":"https:\/\/laruecapatchwork.com\/mundo_patchwork\/categoria\/eventos\/cursos","nextItem":{"@type":"ListItem","@id":"https:\/\/laruecapatchwork.com\/mundo_patchwork\/curso-2016-2017#listItem","name":"Horarios de Cursos 2016-2017"},"previousItem":{"@type":"ListItem","@id":"https:\/\/laruecapatchwork.com\/mundo_patchwork\/categoria\/eventos#listItem","name":"Eventos"}},{"@type":"ListItem","@id":"https:\/\/laruecapatchwork.com\/mundo_patchwork\/curso-2016-2017#listItem","position":4,"name":"Horarios de Cursos 2016-2017","previousItem":{"@type":"ListItem","@id":"https:\/\/laruecapatchwork.com\/mundo_patchwork\/categoria\/eventos\/cursos#listItem","name":"Cursos"}}]},{"@type":"Organization","@id":"https:\/\/laruecapatchwork.com\/mundo_patchwork\/#organization","name":"La Rueca Patchwork \u00b7 Su tienda de labores en Internet","description":"Novedades del Mundo Patchwork","url":"https:\/\/laruecapatchwork.com\/mundo_patchwork\/"},{"@type":"Person","@id":"https:\/\/laruecapatchwork.com\/mundo_patchwork\/author\/raquel#author","url":"https:\/\/laruecapatchwork.com\/mundo_patchwork\/author\/raquel","name":"Raquel","image":{"@type":"ImageObject","@id":"https:\/\/laruecapatchwork.com\/mundo_patchwork\/curso-2016-2017#authorImage","url":"https:\/\/secure.gravatar.com\/avatar\/229ae7dce2c2e8b7e1a394b8ce5d3c5059480fef0dd0b1fc0bb4e71162d9406d?s=96&d=identicon&r=g","width":96,"height":96,"caption":"Raquel"}},{"@type":"WebPage","@id":"https:\/\/laruecapatchwork.com\/mundo_patchwork\/curso-2016-2017#webpage","url":"https:\/\/laruecapatchwork.com\/mundo_patchwork\/curso-2016-2017","name":"Horarios de Cursos 2016-2017 | La Rueca Patchwork \u00b7 Su tienda de labores en Internet","description":"El pr\u00f3ximo d\u00eda 1 de Septiembre comienza el curso 2016-2017. Como novedad ampliamos horario de clases de corte y confecci\u00f3n a los s\u00e1bados por la ma\u00f1ana.","inLanguage":"es-ES","isPartOf":{"@id":"https:\/\/laruecapatchwork.com\/mundo_patchwork\/#website"},"breadcrumb":{"@id":"https:\/\/laruecapatchwork.com\/mundo_patchwork\/curso-2016-2017#breadcrumblist"},"author":{"@id":"https:\/\/laruecapatchwork.com\/mundo_patchwork\/author\/raquel#author"},"creator":{"@id":"https:\/\/laruecapatchwork.com\/mundo_patchwork\/author\/raquel#author"},"datePublished":"2016-08-26T19:21:28+02:00","dateModified":"2017-09-08T16:26:29+02:00"},{"@type":"WebSite","@id":"https:\/\/laruecapatchwork.com\/mundo_patchwork\/#website","url":"https:\/\/laruecapatchwork.com\/mundo_patchwork\/","name":"La Rueca Patchwork \u00b7 Su tienda de labores en Internet","description":"Novedades del Mundo Patchwork","inLanguage":"es-ES","publisher":{"@id":"https:\/\/laruecapatchwork.com\/mundo_patchwork\/#organization"}}]},"og:locale":"es_ES","og:site_name":"La Rueca Patchwork \u00b7 Su tienda de labores en Internet | Novedades del Mundo Patchwork","og:type":"article","og:title":"Horarios de Cursos 2016-2017 | La Rueca Patchwork \u00b7 Su tienda de labores en Internet","og:description":"El pr\u00f3ximo d\u00eda 1 de Septiembre comienza el curso 2016-2017. Como novedad ampliamos horario de clases de corte y confecci\u00f3n a los s\u00e1bados por la ma\u00f1ana.","og:url":"https:\/\/laruecapatchwork.com\/mundo_patchwork\/curso-2016-2017","article:published_time":"2016-08-26T17:21:28+00:00","article:modified_time":"2017-09-08T14:26:29+00:00","twitter:card":"summary","twitter:title":"Horarios de Cursos 2016-2017 | La Rueca Patchwork \u00b7 Su tienda de labores en Internet","twitter:description":"El pr\u00f3ximo d\u00eda 1 de Septiembre comienza el curso 2016-2017. Como novedad ampliamos horario de clases de corte y confecci\u00f3n a los s\u00e1bados por la ma\u00f1ana."},"aioseo_meta_data":{"post_id":"3682","title":"Horarios de Cursos 2016-2017 | #site_title","description":"El pr\u00f3ximo d\u00eda 1 de Septiembre comienza el curso 2016-2017. Como novedad ampliamos horario de clases de corte y confecci\u00f3n a los s\u00e1bados por la ma\u00f1ana.","keywords":null,"keyphrases":null,"primary_term":null,"canonical_url":null,"og_title":null,"og_description":null,"og_object_type":"default","og_image_type":"default","og_image_url":null,"og_image_width":null,"og_image_height":null,"og_image_custom_url":null,"og_image_custom_fields":null,"og_video":null,"og_custom_url":null,"og_article_section":null,"og_article_tags":null,"twitter_use_og":false,"twitter_card":"default","twitter_image_type":"default","twitter_image_url":null,"twitter_image_custom_url":null,"twitter_image_custom_fields":null,"twitter_title":null,"twitter_description":null,"schema":{"blockGraphs":[],"customGraphs":[],"default":{"data":{"Article":[],"Course":[],"Dataset":[],"FAQPage":[],"Movie":[],"Person":[],"Product":[],"ProductReview":[],"Car":[],"Recipe":[],"Service":[],"SoftwareApplication":[],"WebPage":[]},"graphName":"","isEnabled":true},"graphs":[]},"schema_type":null,"schema_type_options":null,"pillar_content":false,"robots_default":true,"robots_noindex":false,"robots_noarchive":false,"robots_nosnippet":false,"robots_nofollow":false,"robots_noimageindex":false,"robots_noodp":false,"robots_notranslate":false,"robots_max_snippet":null,"robots_max_videopreview":null,"robots_max_imagepreview":"large","priority":null,"frequency":null,"local_seo":null,"breadcrumb_settings":null,"limit_modified_date":false,"ai":null,"created":"2021-05-24 09:44:47","updated":"2025-07-18 09:48:00","seo_analyzer_scan_date":null},"aioseo_breadcrumb":"<div class=\"aioseo-breadcrumbs\"><span class=\"aioseo-breadcrumb\">\n\t\t\t<a href=\"https:\/\/laruecapatchwork.com\/mundo_patchwork\" title=\"Inicio\">Inicio<\/a>\n\t\t<\/span><span class=\"aioseo-breadcrumb-separator\">&raquo;<\/span><span class=\"aioseo-breadcrumb\">\n\t\t\t<a href=\"https:\/\/laruecapatchwork.com\/mundo_patchwork\/categoria\/eventos\" title=\"Eventos\">Eventos<\/a>\n\t\t<\/span><span class=\"aioseo-breadcrumb-separator\">&raquo;<\/span><span class=\"aioseo-breadcrumb\">\n\t\t\t<a href=\"https:\/\/laruecapatchwork.com\/mundo_patchwork\/categoria\/eventos\/cursos\" title=\"Cursos\">Cursos<\/a>\n\t\t<\/span><span class=\"aioseo-breadcrumb-separator\">&raquo;<\/span><span class=\"aioseo-breadcrumb\">\n\t\t\tHorarios de Cursos 2016-2017\n\t\t<\/span><\/div>","aioseo_breadcrumb_json":[{"label":"Inicio","link":"https:\/\/laruecapatchwork.com\/mundo_patchwork"},{"label":"Eventos","link":"https:\/\/laruecapatchwork.com\/mundo_patchwork\/categoria\/eventos"},{"label":"Cursos","link":"https:\/\/laruecapatchwork.com\/mundo_patchwork\/categoria\/eventos\/cursos"},{"label":"Horarios de Cursos 2016-2017","link":"https:\/\/laruecapatchwork.com\/mundo_patchwork\/curso-2016-2017"}],"_links":{"self":[{"href":"https:\/\/laruecapatchwork.com\/mundo_patchwork\/wp-json\/wp\/v2\/posts\/3682","targetHints":{"allow":["GET"]}}],"collection":[{"href":"https:\/\/laruecapatchwork.com\/mundo_patchwork\/wp-json\/wp\/v2\/posts"}],"about":[{"href":"https:\/\/laruecapatchwork.com\/mundo_patchwork\/wp-json\/wp\/v2\/types\/post"}],"author":[{"embeddable":true,"href":"https:\/\/laruecapatchwork.com\/mundo_patchwork\/wp-json\/wp\/v2\/users\/14"}],"replies":[{"embeddable":true,"href":"https:\/\/laruecapatchwork.com\/mundo_patchwork\/wp-json\/wp\/v2\/comments?post=3682"}],"version-history":[{"count":0,"href":"https:\/\/laruecapatchwork.com\/mundo_patchwork\/wp-json\/wp\/v2\/posts\/3682\/revisions"}],"wp:attachment":[{"href":"https:\/\/laruecapatchwork.com\/mundo_patchwork\/wp-json\/wp\/v2\/media?parent=3682"}],"wp:term":[{"taxonomy":"category","embeddable":true,"href":"https:\/\/laruecapatchwork.com\/mundo_patchwork\/wp-json\/wp\/v2\/categories?post=3682"},{"taxonomy":"post_tag","embeddable":true,"href":"https:\/\/laruecapatchwork.com\/mundo_patchwork\/wp-json\/wp\/v2\/tags?post=3682"}],"curies":[{"name":"wp","href":"https:\/\/api.w.org\/{rel}","templated":true}]}}