{"id":3686,"date":"2016-09-25T16:38:30","date_gmt":"2016-09-25T14:38:30","guid":{"rendered":"http:\/\/www.laruecapatchwork.com\/mundo_patchwork\/?p=3686"},"modified":"2016-11-17T20:25:52","modified_gmt":"2016-11-17T18:25:52","slug":"monograficos-de-patchwork-con-montse-forcadell","status":"publish","type":"post","link":"https:\/\/laruecapatchwork.com\/mundo_patchwork\/monograficos-de-patchwork-con-montse-forcadell","title":{"rendered":"Monogr\u00e1ficos de Patchwork con Montse Forcadell"},"content":{"rendered":"<p>Los d\u00edas <span style=\"color: #ff0000;\"><em><strong>5 y 6 de Noviembre 2.016<\/strong><\/em><\/span> tendr\u00e1n lugar dos <strong><em><span style=\"color: #ff0000;\">monogr\u00e1ficos de Patchwork<\/span><\/em><\/strong> en nuestra tienda de Coru\u00f1a, de la mano de <span style=\"color: #ff0000;\"><strong>Montse Forcadell<\/strong><\/span>.<\/p>\n<p>Ficha T\u00e9cnica de los cursos:<\/p>\n<h2 style=\"text-align: center;\"><em><strong>D\u00eda 5 de Noviembre 2.016<br \/>\n<\/strong><\/em><\/h2>\n<p>Curso: Dalia Estrella<br \/>\nLugar: Avda. Finisterre, 15-17 (La Coru\u00f1a)<br \/>\nFecha: 5 Noviembre 2.016<br \/>\nN\u00famero de Plazas: 10 personas<br \/>\nDuraci\u00f3n: 8 horas.<br \/>\nDirigido a: Mujeres y Hombres con conocimientos b\u00e1sicos de Patchwork a m\u00e1quina.<\/p>\n<p>Descripci\u00f3n:<\/p>\n<p>En este monogr\u00e1fico aprenderemos muchos trucos y t\u00e9cnicas usadas por la profesora para la elaboraci\u00f3n de esta <em><strong><span style=\"color: #ff0000;\">Dalia Estrella<\/span><\/strong><\/em><span style=\"color: #ff0000;\"><span style=\"color: #000000;\">; <\/span><\/span><span style=\"color: #000000;\">la imagen adjunta es orientativa.<\/span><\/p>\n<p style=\"text-align: center;\">\u00a0<a href=\"https:\/\/www.laruecapatchwork.com\/mundo_patchwork\/wp-content\/uploads\/2016\/09\/Montse-Forcadell-Dalia.jpg\" class=\"thickbox no_icon\"><img loading=\"lazy\" decoding=\"async\" class=\"alignnone size-full wp-image-3908\" src=\"https:\/\/www.laruecapatchwork.com\/mundo_patchwork\/wp-content\/uploads\/2016\/09\/Montse-Forcadell-Dalia.jpg\" alt=\"montse-forcadell-dalia\" width=\"480\" height=\"480\" srcset=\"https:\/\/laruecapatchwork.com\/mundo_patchwork\/wp-content\/uploads\/2016\/09\/Montse-Forcadell-Dalia.jpg 480w, https:\/\/laruecapatchwork.com\/mundo_patchwork\/wp-content\/uploads\/2016\/09\/Montse-Forcadell-Dalia-150x150.jpg 150w, https:\/\/laruecapatchwork.com\/mundo_patchwork\/wp-content\/uploads\/2016\/09\/Montse-Forcadell-Dalia-300x300.jpg 300w\" sizes=\"auto, (max-width: 480px) 100vw, 480px\" \/><\/a><\/p>\n<p>&nbsp;<\/p>\n<h2 style=\"text-align: center;\">Dia 6 de Noviembre 2.016<\/h2>\n<p>Curso: Paisaje Realista<br \/>\nLugar: Avda. Finisterre, 15-17 (La Coru\u00f1a)<br \/>\nFecha: 6 Noviembre 2.016<br \/>\nN\u00famero de Plazas: 10 personas<br \/>\nDuraci\u00f3n: 8 horas.<br \/>\nDirigido a: Mujeres y Hombres en general.<\/p>\n<p>Descripci\u00f3n:<\/p>\n<p>En este monogr\u00e1fico, partiendo de una <span style=\"color: #ff0000;\"><span style=\"color: #000000;\">de estas cuatro<\/span> <\/span><em><strong><span style=\"color: #ff0000;\">fotograf\u00edas <\/span><\/strong> <\/em><span style=\"color: #000000;\">previamente seleccionada por cada persona<\/span>, aprenderemos a crear un <strong><em><span style=\"color: #ff0000;\">quilt con estas im\u00e1genes.<\/span><\/em><\/strong><\/p>\n\n\t\t<style>\n\t\t\t#gallery-1 {\n\t\t\t\tmargin: auto;\n\t\t\t}\n\t\t\t#gallery-1 .gallery-item {\n\t\t\t\tfloat: left;\n\t\t\t\tmargin-top: 10px;\n\t\t\t\ttext-align: center;\n\t\t\t\twidth: 25%;\n\t\t\t}\n\t\t\t#gallery-1 img {\n\t\t\t\tborder: 2px solid #cfcfcf;\n\t\t\t}\n\t\t\t#gallery-1 .gallery-caption {\n\t\t\t\tmargin-left: 0;\n\t\t\t}\n\t\t\t\/* see gallery_shortcode() in wp-includes\/media.php *\/\n\t\t<\/style>\n\t\t<div id='gallery-1' class='gallery galleryid-3686 gallery-columns-4 gallery-size-thumbnail'><dl class='gallery-item'>\n\t\t\t<dt class='gallery-icon landscape'>\n\t\t\t\t<a href='https:\/\/laruecapatchwork.com\/mundo_patchwork\/wp-content\/uploads\/2016\/09\/WhatsApp-Image-2016-09-27-at-18.27.50.jpeg' class=\"thickbox no_icon\"><img loading=\"lazy\" decoding=\"async\" width=\"150\" height=\"150\" src=\"https:\/\/laruecapatchwork.com\/mundo_patchwork\/wp-content\/uploads\/2016\/09\/WhatsApp-Image-2016-09-27-at-18.27.50-150x150.jpg\" class=\"attachment-thumbnail size-thumbnail\" alt=\"\" \/><\/a>\n\t\t\t<\/dt><\/dl><dl class='gallery-item'>\n\t\t\t<dt class='gallery-icon portrait'>\n\t\t\t\t<a href='https:\/\/laruecapatchwork.com\/mundo_patchwork\/wp-content\/uploads\/2016\/09\/14467057_10209323514876519_1600284464_o1.jpg' class=\"thickbox no_icon\"><img loading=\"lazy\" decoding=\"async\" width=\"150\" height=\"150\" src=\"https:\/\/laruecapatchwork.com\/mundo_patchwork\/wp-content\/uploads\/2016\/09\/14467057_10209323514876519_1600284464_o1-150x150.jpg\" class=\"attachment-thumbnail size-thumbnail\" alt=\"\" \/><\/a>\n\t\t\t<\/dt><\/dl><dl class='gallery-item'>\n\t\t\t<dt class='gallery-icon portrait'>\n\t\t\t\t<a href='https:\/\/laruecapatchwork.com\/mundo_patchwork\/wp-content\/uploads\/2016\/09\/Paisaje-Realista.jpg' class=\"thickbox no_icon\"><img loading=\"lazy\" decoding=\"async\" width=\"150\" height=\"150\" src=\"https:\/\/laruecapatchwork.com\/mundo_patchwork\/wp-content\/uploads\/2016\/09\/Paisaje-Realista-150x150.jpg\" class=\"attachment-thumbnail size-thumbnail\" alt=\"\" \/><\/a>\n\t\t\t<\/dt><\/dl><dl class='gallery-item'>\n\t\t\t<dt class='gallery-icon portrait'>\n\t\t\t\t<a href='https:\/\/laruecapatchwork.com\/mundo_patchwork\/wp-content\/uploads\/2016\/09\/WhatsApp-Image-2016-09-27-at-18.28.42.jpeg' class=\"thickbox no_icon\"><img loading=\"lazy\" decoding=\"async\" width=\"150\" height=\"150\" src=\"https:\/\/laruecapatchwork.com\/mundo_patchwork\/wp-content\/uploads\/2016\/09\/WhatsApp-Image-2016-09-27-at-18.28.42-150x150.jpg\" class=\"attachment-thumbnail size-thumbnail\" alt=\"\" \/><\/a>\n\t\t\t<\/dt><\/dl><br style=\"clear: both\" \/>\n\t\t<\/div>\n\n<p>&nbsp;<\/p>\n<p>Los cursos son de 10:00 a 20:00, con paradas incluida para caf\u00e9 de media ma\u00f1ana, comida y aperitivo de media tarde.<\/p>\n<p>Los cursos ser\u00e1n presenciales e impartidos en nuestras instalaciones situadas en la Avenida de Finisterre n\u00ba 15-17 de La Coru\u00f1a.<\/p>\n<p>Inscripci\u00f3n:<\/p>\n<p>La inscripci\u00f3n a los\u00a0<strong><em>Monogr\u00e1ficos de Patchwork con Montse Forcadell <\/em><\/strong>debe realizarse en nuestra tienda de la Avda. Finisterre,15-17 , llamado al n\u00famero de tel\u00e9fono 881 967 498 o por whatsapp al 650 273 088. El n\u00famero de plazas es limitado y la reserva ser\u00e1 por orden de inscripci\u00f3n previo pago.<\/p>\n","protected":false},"excerpt":{"rendered":"<p>Los d\u00edas 5 y 6 de Noviembre 2.016 tendr\u00e1n lugar dos monogr\u00e1ficos de Patchwork en nuestra tienda de Coru\u00f1a, de la mano de Montse Forcadell. Ficha T\u00e9cnica de los cursos: D\u00eda 5 de Noviembre 2.016 Curso: Dalia Estrella Lugar: Avda. Finisterre, 15-17 (La Coru\u00f1a) Fecha: 5 Noviembre 2.016 N\u00famero de Plazas: 10 personas Duraci\u00f3n: 8 [&hellip;]<\/p>\n","protected":false},"author":14,"featured_media":0,"comment_status":"open","ping_status":"open","sticky":false,"template":"","format":"standard","meta":{"_exactmetrics_skip_tracking":false,"footnotes":""},"categories":[5],"tags":[539,538,6,542,523,8,219],"class_list":["post-3686","post","type-post","status-publish","format-standard","hentry","category-mundo-patchwork","tag-cursos","tag-dalia-estrella","tag-la-rueca","tag-monograficos","tag-montse-forcadell","tag-patchwork","tag-telas-patchwork"],"aioseo_notices":[],"aioseo_head":"\n\t\t<!-- All in One SEO 4.9.10 - aioseo.com -->\n\t<meta name=\"description\" content=\"Los d\u00edas 5 y 6 de Noviembre 2.016 tendr\u00e1n lugar dos monogr\u00e1ficos de Patchwork en nuestra tienda de Coru\u00f1a, de la mano de Montse Forcadell. Ficha T\u00e9cnica de los cursos:\" \/>\n\t<meta name=\"robots\" content=\"max-image-preview:large\" \/>\n\t<meta name=\"author\" content=\"Raquel\"\/>\n\t<link rel=\"canonical\" href=\"https:\/\/laruecapatchwork.com\/mundo_patchwork\/monograficos-de-patchwork-con-montse-forcadell\" \/>\n\t<meta name=\"generator\" content=\"All in One SEO (AIOSEO) 4.9.10\" \/>\n\t\t<meta property=\"og:locale\" content=\"es_ES\" \/>\n\t\t<meta property=\"og:site_name\" content=\"La Rueca Patchwork \u00b7 Su tienda de labores en Internet | Novedades del Mundo Patchwork\" \/>\n\t\t<meta property=\"og:type\" content=\"article\" \/>\n\t\t<meta property=\"og:title\" content=\"Monogr\u00e1ficos de Patchwork con Montse Forcadell | La Rueca Patchwork \u00b7 Su tienda de labores en Internet\" \/>\n\t\t<meta property=\"og:description\" content=\"Los d\u00edas 5 y 6 de Noviembre 2.016 tendr\u00e1n lugar dos monogr\u00e1ficos de Patchwork en nuestra tienda de Coru\u00f1a, de la mano de Montse Forcadell. Ficha T\u00e9cnica de los cursos:\" \/>\n\t\t<meta property=\"og:url\" content=\"https:\/\/laruecapatchwork.com\/mundo_patchwork\/monograficos-de-patchwork-con-montse-forcadell\" \/>\n\t\t<meta property=\"article:published_time\" content=\"2016-09-25T14:38:30+00:00\" \/>\n\t\t<meta property=\"article:modified_time\" content=\"2016-11-17T18:25:52+00:00\" \/>\n\t\t<meta name=\"twitter:card\" content=\"summary\" \/>\n\t\t<meta name=\"twitter:title\" content=\"Monogr\u00e1ficos de Patchwork con Montse Forcadell | La Rueca Patchwork \u00b7 Su tienda de labores en Internet\" \/>\n\t\t<meta name=\"twitter:description\" content=\"Los d\u00edas 5 y 6 de Noviembre 2.016 tendr\u00e1n lugar dos monogr\u00e1ficos de Patchwork en nuestra tienda de Coru\u00f1a, de la mano de Montse Forcadell. Ficha T\u00e9cnica de los cursos:\" \/>\n\t\t<script type=\"application\/ld+json\" class=\"aioseo-schema\">\n\t\t\t{\"@context\":\"https:\\\/\\\/schema.org\",\"@graph\":[{\"@type\":\"Article\",\"@id\":\"https:\\\/\\\/laruecapatchwork.com\\\/mundo_patchwork\\\/monograficos-de-patchwork-con-montse-forcadell#article\",\"name\":\"Monogr\\u00e1ficos de Patchwork con Montse Forcadell | La Rueca Patchwork \\u00b7 Su tienda de labores en Internet\",\"headline\":\"Monogr\\u00e1ficos de Patchwork con Montse Forcadell\",\"author\":{\"@id\":\"https:\\\/\\\/laruecapatchwork.com\\\/mundo_patchwork\\\/author\\\/raquel#author\"},\"publisher\":{\"@id\":\"https:\\\/\\\/laruecapatchwork.com\\\/mundo_patchwork\\\/#organization\"},\"image\":{\"@type\":\"ImageObject\",\"url\":\"https:\\\/\\\/www.laruecapatchwork.com\\\/mundo_patchwork\\\/wp-content\\\/uploads\\\/2016\\\/09\\\/Montse-Forcadell-Dalia.jpg\",\"@id\":\"https:\\\/\\\/laruecapatchwork.com\\\/mundo_patchwork\\\/monograficos-de-patchwork-con-montse-forcadell\\\/#articleImage\"},\"datePublished\":\"2016-09-25T16:38:30+02:00\",\"dateModified\":\"2016-11-17T20:25:52+02:00\",\"inLanguage\":\"es-ES\",\"mainEntityOfPage\":{\"@id\":\"https:\\\/\\\/laruecapatchwork.com\\\/mundo_patchwork\\\/monograficos-de-patchwork-con-montse-forcadell#webpage\"},\"isPartOf\":{\"@id\":\"https:\\\/\\\/laruecapatchwork.com\\\/mundo_patchwork\\\/monograficos-de-patchwork-con-montse-forcadell#webpage\"},\"articleSection\":\"Mundo Patchwork, Cursos, Dalia Estrella, La Rueca, Monogr\\u00e1ficos, Montse Forcadell, Patchwork, Telas Patchwork\"},{\"@type\":\"BreadcrumbList\",\"@id\":\"https:\\\/\\\/laruecapatchwork.com\\\/mundo_patchwork\\\/monograficos-de-patchwork-con-montse-forcadell#breadcrumblist\",\"itemListElement\":[{\"@type\":\"ListItem\",\"@id\":\"https:\\\/\\\/laruecapatchwork.com\\\/mundo_patchwork#listItem\",\"position\":1,\"name\":\"Inicio\",\"item\":\"https:\\\/\\\/laruecapatchwork.com\\\/mundo_patchwork\",\"nextItem\":{\"@type\":\"ListItem\",\"@id\":\"https:\\\/\\\/laruecapatchwork.com\\\/mundo_patchwork\\\/categoria\\\/mundo-patchwork#listItem\",\"name\":\"Mundo Patchwork\"}},{\"@type\":\"ListItem\",\"@id\":\"https:\\\/\\\/laruecapatchwork.com\\\/mundo_patchwork\\\/categoria\\\/mundo-patchwork#listItem\",\"position\":2,\"name\":\"Mundo Patchwork\",\"item\":\"https:\\\/\\\/laruecapatchwork.com\\\/mundo_patchwork\\\/categoria\\\/mundo-patchwork\",\"nextItem\":{\"@type\":\"ListItem\",\"@id\":\"https:\\\/\\\/laruecapatchwork.com\\\/mundo_patchwork\\\/monograficos-de-patchwork-con-montse-forcadell#listItem\",\"name\":\"Monogr\\u00e1ficos de Patchwork con Montse Forcadell\"},\"previousItem\":{\"@type\":\"ListItem\",\"@id\":\"https:\\\/\\\/laruecapatchwork.com\\\/mundo_patchwork#listItem\",\"name\":\"Inicio\"}},{\"@type\":\"ListItem\",\"@id\":\"https:\\\/\\\/laruecapatchwork.com\\\/mundo_patchwork\\\/monograficos-de-patchwork-con-montse-forcadell#listItem\",\"position\":3,\"name\":\"Monogr\\u00e1ficos de Patchwork con Montse Forcadell\",\"previousItem\":{\"@type\":\"ListItem\",\"@id\":\"https:\\\/\\\/laruecapatchwork.com\\\/mundo_patchwork\\\/categoria\\\/mundo-patchwork#listItem\",\"name\":\"Mundo Patchwork\"}}]},{\"@type\":\"Organization\",\"@id\":\"https:\\\/\\\/laruecapatchwork.com\\\/mundo_patchwork\\\/#organization\",\"name\":\"La Rueca Patchwork \\u00b7 Su tienda de labores en Internet\",\"description\":\"Novedades del Mundo Patchwork\",\"url\":\"https:\\\/\\\/laruecapatchwork.com\\\/mundo_patchwork\\\/\"},{\"@type\":\"Person\",\"@id\":\"https:\\\/\\\/laruecapatchwork.com\\\/mundo_patchwork\\\/author\\\/raquel#author\",\"url\":\"https:\\\/\\\/laruecapatchwork.com\\\/mundo_patchwork\\\/author\\\/raquel\",\"name\":\"Raquel\",\"image\":{\"@type\":\"ImageObject\",\"@id\":\"https:\\\/\\\/laruecapatchwork.com\\\/mundo_patchwork\\\/monograficos-de-patchwork-con-montse-forcadell#authorImage\",\"url\":\"https:\\\/\\\/secure.gravatar.com\\\/avatar\\\/229ae7dce2c2e8b7e1a394b8ce5d3c5059480fef0dd0b1fc0bb4e71162d9406d?s=96&d=identicon&r=g\",\"width\":96,\"height\":96,\"caption\":\"Raquel\"}},{\"@type\":\"WebPage\",\"@id\":\"https:\\\/\\\/laruecapatchwork.com\\\/mundo_patchwork\\\/monograficos-de-patchwork-con-montse-forcadell#webpage\",\"url\":\"https:\\\/\\\/laruecapatchwork.com\\\/mundo_patchwork\\\/monograficos-de-patchwork-con-montse-forcadell\",\"name\":\"Monogr\\u00e1ficos de Patchwork con Montse Forcadell | La Rueca Patchwork \\u00b7 Su tienda de labores en Internet\",\"description\":\"Los d\\u00edas 5 y 6 de Noviembre 2.016 tendr\\u00e1n lugar dos monogr\\u00e1ficos de Patchwork en nuestra tienda de Coru\\u00f1a, de la mano de Montse Forcadell. Ficha T\\u00e9cnica de los cursos:\",\"inLanguage\":\"es-ES\",\"isPartOf\":{\"@id\":\"https:\\\/\\\/laruecapatchwork.com\\\/mundo_patchwork\\\/#website\"},\"breadcrumb\":{\"@id\":\"https:\\\/\\\/laruecapatchwork.com\\\/mundo_patchwork\\\/monograficos-de-patchwork-con-montse-forcadell#breadcrumblist\"},\"author\":{\"@id\":\"https:\\\/\\\/laruecapatchwork.com\\\/mundo_patchwork\\\/author\\\/raquel#author\"},\"creator\":{\"@id\":\"https:\\\/\\\/laruecapatchwork.com\\\/mundo_patchwork\\\/author\\\/raquel#author\"},\"datePublished\":\"2016-09-25T16:38:30+02:00\",\"dateModified\":\"2016-11-17T20:25:52+02:00\"},{\"@type\":\"WebSite\",\"@id\":\"https:\\\/\\\/laruecapatchwork.com\\\/mundo_patchwork\\\/#website\",\"url\":\"https:\\\/\\\/laruecapatchwork.com\\\/mundo_patchwork\\\/\",\"name\":\"La Rueca Patchwork \\u00b7 Su tienda de labores en Internet\",\"description\":\"Novedades del Mundo Patchwork\",\"inLanguage\":\"es-ES\",\"publisher\":{\"@id\":\"https:\\\/\\\/laruecapatchwork.com\\\/mundo_patchwork\\\/#organization\"}}]}\n\t\t<\/script>\n\t\t<!-- All in One SEO -->\n\n","aioseo_head_json":{"title":"Monogr\u00e1ficos de Patchwork con Montse Forcadell | La Rueca Patchwork \u00b7 Su tienda de labores en Internet","description":"Los d\u00edas 5 y 6 de Noviembre 2.016 tendr\u00e1n lugar dos monogr\u00e1ficos de Patchwork en nuestra tienda de Coru\u00f1a, de la mano de Montse Forcadell. Ficha T\u00e9cnica de los cursos:","canonical_url":"https:\/\/laruecapatchwork.com\/mundo_patchwork\/monograficos-de-patchwork-con-montse-forcadell","robots":"max-image-preview:large","keywords":"","webmasterTools":{"miscellaneous":""},"schema":{"@context":"https:\/\/schema.org","@graph":[{"@type":"Article","@id":"https:\/\/laruecapatchwork.com\/mundo_patchwork\/monograficos-de-patchwork-con-montse-forcadell#article","name":"Monogr\u00e1ficos de Patchwork con Montse Forcadell | La Rueca Patchwork \u00b7 Su tienda de labores en Internet","headline":"Monogr\u00e1ficos de Patchwork con Montse Forcadell","author":{"@id":"https:\/\/laruecapatchwork.com\/mundo_patchwork\/author\/raquel#author"},"publisher":{"@id":"https:\/\/laruecapatchwork.com\/mundo_patchwork\/#organization"},"image":{"@type":"ImageObject","url":"https:\/\/www.laruecapatchwork.com\/mundo_patchwork\/wp-content\/uploads\/2016\/09\/Montse-Forcadell-Dalia.jpg","@id":"https:\/\/laruecapatchwork.com\/mundo_patchwork\/monograficos-de-patchwork-con-montse-forcadell\/#articleImage"},"datePublished":"2016-09-25T16:38:30+02:00","dateModified":"2016-11-17T20:25:52+02:00","inLanguage":"es-ES","mainEntityOfPage":{"@id":"https:\/\/laruecapatchwork.com\/mundo_patchwork\/monograficos-de-patchwork-con-montse-forcadell#webpage"},"isPartOf":{"@id":"https:\/\/laruecapatchwork.com\/mundo_patchwork\/monograficos-de-patchwork-con-montse-forcadell#webpage"},"articleSection":"Mundo Patchwork, Cursos, Dalia Estrella, La Rueca, Monogr\u00e1ficos, Montse Forcadell, Patchwork, Telas Patchwork"},{"@type":"BreadcrumbList","@id":"https:\/\/laruecapatchwork.com\/mundo_patchwork\/monograficos-de-patchwork-con-montse-forcadell#breadcrumblist","itemListElement":[{"@type":"ListItem","@id":"https:\/\/laruecapatchwork.com\/mundo_patchwork#listItem","position":1,"name":"Inicio","item":"https:\/\/laruecapatchwork.com\/mundo_patchwork","nextItem":{"@type":"ListItem","@id":"https:\/\/laruecapatchwork.com\/mundo_patchwork\/categoria\/mundo-patchwork#listItem","name":"Mundo Patchwork"}},{"@type":"ListItem","@id":"https:\/\/laruecapatchwork.com\/mundo_patchwork\/categoria\/mundo-patchwork#listItem","position":2,"name":"Mundo Patchwork","item":"https:\/\/laruecapatchwork.com\/mundo_patchwork\/categoria\/mundo-patchwork","nextItem":{"@type":"ListItem","@id":"https:\/\/laruecapatchwork.com\/mundo_patchwork\/monograficos-de-patchwork-con-montse-forcadell#listItem","name":"Monogr\u00e1ficos de Patchwork con Montse Forcadell"},"previousItem":{"@type":"ListItem","@id":"https:\/\/laruecapatchwork.com\/mundo_patchwork#listItem","name":"Inicio"}},{"@type":"ListItem","@id":"https:\/\/laruecapatchwork.com\/mundo_patchwork\/monograficos-de-patchwork-con-montse-forcadell#listItem","position":3,"name":"Monogr\u00e1ficos de Patchwork con Montse Forcadell","previousItem":{"@type":"ListItem","@id":"https:\/\/laruecapatchwork.com\/mundo_patchwork\/categoria\/mundo-patchwork#listItem","name":"Mundo Patchwork"}}]},{"@type":"Organization","@id":"https:\/\/laruecapatchwork.com\/mundo_patchwork\/#organization","name":"La Rueca Patchwork \u00b7 Su tienda de labores en Internet","description":"Novedades del Mundo Patchwork","url":"https:\/\/laruecapatchwork.com\/mundo_patchwork\/"},{"@type":"Person","@id":"https:\/\/laruecapatchwork.com\/mundo_patchwork\/author\/raquel#author","url":"https:\/\/laruecapatchwork.com\/mundo_patchwork\/author\/raquel","name":"Raquel","image":{"@type":"ImageObject","@id":"https:\/\/laruecapatchwork.com\/mundo_patchwork\/monograficos-de-patchwork-con-montse-forcadell#authorImage","url":"https:\/\/secure.gravatar.com\/avatar\/229ae7dce2c2e8b7e1a394b8ce5d3c5059480fef0dd0b1fc0bb4e71162d9406d?s=96&d=identicon&r=g","width":96,"height":96,"caption":"Raquel"}},{"@type":"WebPage","@id":"https:\/\/laruecapatchwork.com\/mundo_patchwork\/monograficos-de-patchwork-con-montse-forcadell#webpage","url":"https:\/\/laruecapatchwork.com\/mundo_patchwork\/monograficos-de-patchwork-con-montse-forcadell","name":"Monogr\u00e1ficos de Patchwork con Montse Forcadell | La Rueca Patchwork \u00b7 Su tienda de labores en Internet","description":"Los d\u00edas 5 y 6 de Noviembre 2.016 tendr\u00e1n lugar dos monogr\u00e1ficos de Patchwork en nuestra tienda de Coru\u00f1a, de la mano de Montse Forcadell. Ficha T\u00e9cnica de los cursos:","inLanguage":"es-ES","isPartOf":{"@id":"https:\/\/laruecapatchwork.com\/mundo_patchwork\/#website"},"breadcrumb":{"@id":"https:\/\/laruecapatchwork.com\/mundo_patchwork\/monograficos-de-patchwork-con-montse-forcadell#breadcrumblist"},"author":{"@id":"https:\/\/laruecapatchwork.com\/mundo_patchwork\/author\/raquel#author"},"creator":{"@id":"https:\/\/laruecapatchwork.com\/mundo_patchwork\/author\/raquel#author"},"datePublished":"2016-09-25T16:38:30+02:00","dateModified":"2016-11-17T20:25:52+02:00"},{"@type":"WebSite","@id":"https:\/\/laruecapatchwork.com\/mundo_patchwork\/#website","url":"https:\/\/laruecapatchwork.com\/mundo_patchwork\/","name":"La Rueca Patchwork \u00b7 Su tienda de labores en Internet","description":"Novedades del Mundo Patchwork","inLanguage":"es-ES","publisher":{"@id":"https:\/\/laruecapatchwork.com\/mundo_patchwork\/#organization"}}]},"og:locale":"es_ES","og:site_name":"La Rueca Patchwork \u00b7 Su tienda de labores en Internet | Novedades del Mundo Patchwork","og:type":"article","og:title":"Monogr\u00e1ficos de Patchwork con Montse Forcadell | La Rueca Patchwork \u00b7 Su tienda de labores en Internet","og:description":"Los d\u00edas 5 y 6 de Noviembre 2.016 tendr\u00e1n lugar dos monogr\u00e1ficos de Patchwork en nuestra tienda de Coru\u00f1a, de la mano de Montse Forcadell. Ficha T\u00e9cnica de los cursos:","og:url":"https:\/\/laruecapatchwork.com\/mundo_patchwork\/monograficos-de-patchwork-con-montse-forcadell","article:published_time":"2016-09-25T14:38:30+00:00","article:modified_time":"2016-11-17T18:25:52+00:00","twitter:card":"summary","twitter:title":"Monogr\u00e1ficos de Patchwork con Montse Forcadell | La Rueca Patchwork \u00b7 Su tienda de labores en Internet","twitter:description":"Los d\u00edas 5 y 6 de Noviembre 2.016 tendr\u00e1n lugar dos monogr\u00e1ficos de Patchwork en nuestra tienda de Coru\u00f1a, de la mano de Montse Forcadell. Ficha T\u00e9cnica de los cursos:"},"aioseo_meta_data":{"post_id":"3686","title":"Monogr\u00e1ficos de Patchwork con Montse Forcadell | #site_title","description":"Los d\u00edas 5 y 6 de Noviembre 2.016 tendr\u00e1n lugar dos monogr\u00e1ficos de Patchwork en nuestra tienda de Coru\u00f1a, de la mano de Montse Forcadell.\n\nFicha T\u00e9cnica de los cursos:","keywords":null,"keyphrases":null,"primary_term":null,"canonical_url":null,"og_title":null,"og_description":null,"og_object_type":"default","og_image_type":"default","og_image_url":null,"og_image_width":null,"og_image_height":null,"og_image_custom_url":null,"og_image_custom_fields":null,"og_video":null,"og_custom_url":null,"og_article_section":null,"og_article_tags":null,"twitter_use_og":false,"twitter_card":"default","twitter_image_type":"default","twitter_image_url":null,"twitter_image_custom_url":null,"twitter_image_custom_fields":null,"twitter_title":null,"twitter_description":null,"schema":{"blockGraphs":[],"customGraphs":[],"default":{"data":{"Article":[],"Course":[],"Dataset":[],"FAQPage":[],"Movie":[],"Person":[],"Product":[],"ProductReview":[],"Car":[],"Recipe":[],"Service":[],"SoftwareApplication":[],"WebPage":[]},"graphName":"","isEnabled":true},"graphs":[]},"schema_type":null,"schema_type_options":null,"pillar_content":false,"robots_default":true,"robots_noindex":false,"robots_noarchive":false,"robots_nosnippet":false,"robots_nofollow":false,"robots_noimageindex":false,"robots_noodp":false,"robots_notranslate":false,"robots_max_snippet":null,"robots_max_videopreview":null,"robots_max_imagepreview":"large","priority":null,"frequency":null,"local_seo":null,"breadcrumb_settings":null,"limit_modified_date":false,"ai":null,"created":"2021-05-24 09:44:47","updated":"2025-07-18 09:48:00","seo_analyzer_scan_date":null},"aioseo_breadcrumb":"<div class=\"aioseo-breadcrumbs\"><span class=\"aioseo-breadcrumb\">\n\t\t\t<a href=\"https:\/\/laruecapatchwork.com\/mundo_patchwork\" title=\"Inicio\">Inicio<\/a>\n\t\t<\/span><span class=\"aioseo-breadcrumb-separator\">&raquo;<\/span><span class=\"aioseo-breadcrumb\">\n\t\t\t<a href=\"https:\/\/laruecapatchwork.com\/mundo_patchwork\/categoria\/mundo-patchwork\" title=\"Mundo Patchwork\">Mundo Patchwork<\/a>\n\t\t<\/span><span class=\"aioseo-breadcrumb-separator\">&raquo;<\/span><span class=\"aioseo-breadcrumb\">\n\t\t\tMonogr\u00e1ficos de Patchwork con Montse Forcadell\n\t\t<\/span><\/div>","aioseo_breadcrumb_json":[{"label":"Inicio","link":"https:\/\/laruecapatchwork.com\/mundo_patchwork"},{"label":"Mundo Patchwork","link":"https:\/\/laruecapatchwork.com\/mundo_patchwork\/categoria\/mundo-patchwork"},{"label":"Monogr\u00e1ficos de Patchwork con Montse Forcadell","link":"https:\/\/laruecapatchwork.com\/mundo_patchwork\/monograficos-de-patchwork-con-montse-forcadell"}],"_links":{"self":[{"href":"https:\/\/laruecapatchwork.com\/mundo_patchwork\/wp-json\/wp\/v2\/posts\/3686","targetHints":{"allow":["GET"]}}],"collection":[{"href":"https:\/\/laruecapatchwork.com\/mundo_patchwork\/wp-json\/wp\/v2\/posts"}],"about":[{"href":"https:\/\/laruecapatchwork.com\/mundo_patchwork\/wp-json\/wp\/v2\/types\/post"}],"author":[{"embeddable":true,"href":"https:\/\/laruecapatchwork.com\/mundo_patchwork\/wp-json\/wp\/v2\/users\/14"}],"replies":[{"embeddable":true,"href":"https:\/\/laruecapatchwork.com\/mundo_patchwork\/wp-json\/wp\/v2\/comments?post=3686"}],"version-history":[{"count":0,"href":"https:\/\/laruecapatchwork.com\/mundo_patchwork\/wp-json\/wp\/v2\/posts\/3686\/revisions"}],"wp:attachment":[{"href":"https:\/\/laruecapatchwork.com\/mundo_patchwork\/wp-json\/wp\/v2\/media?parent=3686"}],"wp:term":[{"taxonomy":"category","embeddable":true,"href":"https:\/\/laruecapatchwork.com\/mundo_patchwork\/wp-json\/wp\/v2\/categories?post=3686"},{"taxonomy":"post_tag","embeddable":true,"href":"https:\/\/laruecapatchwork.com\/mundo_patchwork\/wp-json\/wp\/v2\/tags?post=3686"}],"curies":[{"name":"wp","href":"https:\/\/api.w.org\/{rel}","templated":true}]}}