{"id":3942,"date":"2017-02-20T09:00:27","date_gmt":"2017-02-20T07:00:27","guid":{"rendered":"http:\/\/www.laruecapatchwork.com\/mundo_patchwork\/?p=3942"},"modified":"2017-02-20T13:29:17","modified_gmt":"2017-02-20T11:29:17","slug":"monografico-de-retratos-y-acolchados-minacos-con-jacqueline-bahi","status":"publish","type":"post","link":"https:\/\/laruecapatchwork.com\/mundo_patchwork\/monografico-de-retratos-y-acolchados-minacos-con-jacqueline-bahi","title":{"rendered":"Monogr\u00e1fico de Retratos y Acolchados Minacos con Jacqueline Bahi"},"content":{"rendered":"<p>Los d\u00edas <span style=\"color: #ff0000;\"><em><strong>25 y 26 de Marzo de 2.017<\/strong><\/em><\/span>\u00a0 tendr\u00e1n lugar los <strong><em><span style=\"color: #ff0000;\">monogr\u00e1ficos de Retratos y Acolchados Minacos<\/span><\/em><\/strong>, en nuestra tienda de Coru\u00f1a, de la mano de <span style=\"color: #ff0000;\"><strong><em>Jacqueline Bahi<\/em><\/strong><\/span>.<\/p>\n<p>&nbsp;<\/p>\n<p><img loading=\"lazy\" decoding=\"async\" class=\"aligncenter wp-image-3945\" src=\"https:\/\/www.laruecapatchwork.com\/mundo_patchwork\/wp-content\/uploads\/2017\/02\/1400501_696047110436240_1797724170_o.jpg\" alt=\"\" width=\"624\" height=\"468\" srcset=\"https:\/\/laruecapatchwork.com\/mundo_patchwork\/wp-content\/uploads\/2017\/02\/1400501_696047110436240_1797724170_o.jpg 2048w, https:\/\/laruecapatchwork.com\/mundo_patchwork\/wp-content\/uploads\/2017\/02\/1400501_696047110436240_1797724170_o-300x225.jpg 300w, https:\/\/laruecapatchwork.com\/mundo_patchwork\/wp-content\/uploads\/2017\/02\/1400501_696047110436240_1797724170_o-768x576.jpg 768w, https:\/\/laruecapatchwork.com\/mundo_patchwork\/wp-content\/uploads\/2017\/02\/1400501_696047110436240_1797724170_o-1024x768.jpg 1024w\" sizes=\"auto, (max-width: 624px) 100vw, 624px\" \/><\/p>\n<p>&nbsp;<\/p>\n<h2 style=\"text-align: center;\"><em><strong>D\u00eda 25 de Marzo 2.017<\/strong><\/em><\/h2>\n<p><strong>Curso: <span style=\"color: #ff0000;\">T\u00e9cnica de Retratos.<\/span><\/strong><br \/>\n<strong>Plazas:<\/strong> 10 personas.<br \/>\n<strong>Duraci\u00f3n:<\/strong> 8 horas.<br \/>\n<strong>Dirigido a:<\/strong> Personas iniciadas en las t\u00e9cnicas de patchwork.<\/p>\n<p><strong>Descrici\u00f3n:<\/strong><\/p>\n<p>Con la fotograf\u00eda que t\u00fa quieras y 4 telas, crearemos un precioso retrato en patchwork.<\/p>\n<p>No se necesita m\u00e1quina de coser ni precisa acolchado.<\/p>\n<p><img loading=\"lazy\" decoding=\"async\" class=\"aligncenter wp-image-3969\" src=\"https:\/\/www.laruecapatchwork.com\/mundo_patchwork\/wp-content\/uploads\/2017\/02\/15940567_1255097077862413_5210304124980771881_n.jpg\" alt=\"\" width=\"449\" height=\"633\" srcset=\"https:\/\/laruecapatchwork.com\/mundo_patchwork\/wp-content\/uploads\/2017\/02\/15940567_1255097077862413_5210304124980771881_n.jpg 560w, https:\/\/laruecapatchwork.com\/mundo_patchwork\/wp-content\/uploads\/2017\/02\/15940567_1255097077862413_5210304124980771881_n-213x300.jpg 213w\" sizes=\"auto, (max-width: 449px) 100vw, 449px\" \/><\/p>\n<p>&nbsp;<\/p>\n<h2 style=\"text-align: center;\"><em><strong>D\u00eda 26 de Marzo 2.017<\/strong><\/em><\/h2>\n<p><strong>Curso: <span style=\"color: #ff0000;\">Acolchados Minacos.<\/span><\/strong><br \/>\n<strong>Plazas:<\/strong> 10 personas.<br \/>\n<strong>Duraci\u00f3n:<\/strong> 8 horas.<br \/>\n<strong>Dirigido a:<\/strong> Personas iniciadas en las t\u00e9cnicas de acolchado.<\/p>\n<p><strong>Descripci\u00f3n:<\/strong><\/p>\n<p>MINACOS o Mini-acolchados para relajarse est\u00e1 basado en el arte zentangle. Con la m\u00e1quina de coser reproduciremos algunos patrones que se utilizan en este arte y otros que no. Se trata de peque\u00f1os motivos que no requieren excesiva habilidad con la m\u00e1quina, s\u00f3lo precisan tranquilidad para hacerlos.<\/p>\n<p>Daremos las pautas para conseguir un dibujo agradable a la vista y cada asistente realizar\u00e1 el suyo propio. Buscaremos la tensi\u00f3n perfecta. Explicaremos todos los secretos para obtener una buena tensi\u00f3n.<\/p>\n<p>Trataremos con diferentes clases de hilos. Hablaremos de sus ventajas e inconvenientes y probaremos algunos. Por la tarde, daremos color a esos dibujos que hemos realizado durante el d\u00eda y explicaremos todos los secretos de la pintura sobre tela.<\/p>\n<p><img loading=\"lazy\" decoding=\"async\" class=\"aligncenter wp-image-3983\" src=\"https:\/\/www.laruecapatchwork.com\/mundo_patchwork\/wp-content\/uploads\/2017\/02\/P7010230-1024x725.jpg\" alt=\"\" width=\"624\" height=\"442\" srcset=\"https:\/\/laruecapatchwork.com\/mundo_patchwork\/wp-content\/uploads\/2017\/02\/P7010230-1024x725.jpg 1024w, https:\/\/laruecapatchwork.com\/mundo_patchwork\/wp-content\/uploads\/2017\/02\/P7010230-300x212.jpg 300w, https:\/\/laruecapatchwork.com\/mundo_patchwork\/wp-content\/uploads\/2017\/02\/P7010230-768x544.jpg 768w\" sizes=\"auto, (max-width: 624px) 100vw, 624px\" \/><\/p>\n<p>&nbsp;<\/p>\n<h2 style=\"text-align: center;\"><em><strong>Caracter\u00edsticas e Inscripci\u00f3n<\/strong><\/em><\/h2>\n<p>Los cursos son de 10:00 a 20:00, con paradas incluida para caf\u00e9 de media ma\u00f1ana, comida y aperitivo de media tarde.<\/p>\n<p>Los cursos ser\u00e1n presenciales e impartidos en nuestras instalaciones situadas en la Avenida de Finisterre n\u00ba 15-17 de La Coru\u00f1a.<\/p>\n<p>La inscripci\u00f3n a los\u00a0<strong><em>Monogr\u00e1ficos con Jacqueline Bahi<\/em><\/strong> debe realizarse en nuestra tienda de la Avda. Finisterre 15-17, llamado al n\u00famero de tel\u00e9fono 881 967 498 o contactando por whatsapp al 650 273 088.<\/p>\n<p>El n\u00famero de plazas es limitado y la reserva ser\u00e1 por orden de inscripci\u00f3n previo pago.<\/p>\n<p>Os esperamos &#8230;!!!<\/p>\n","protected":false},"excerpt":{"rendered":"<p>Los d\u00edas 25 y 26 de Marzo de 2.017  tendr\u00e1n lugar dos monogr\u00e1ficos de Retratos y Acolchados Decorativos, en nuestra tienda de Coru\u00f1a, de la mano de Jacqueline Bahi.<\/p>\n","protected":false},"author":14,"featured_media":0,"comment_status":"open","ping_status":"open","sticky":false,"template":"","format":"standard","meta":{"_exactmetrics_skip_tracking":false,"footnotes":""},"categories":[22,23,5],"tags":[556,546,526,557,555,558],"class_list":["post-3942","post","type-post","status-publish","format-standard","hentry","category-eventos","category-monograficos","category-mundo-patchwork","tag-acolchado","tag-decorativo","tag-jacqueline-bahi","tag-minacos","tag-retrato","tag-zentangle"],"aioseo_notices":[],"aioseo_head":"\n\t\t<!-- All in One SEO 4.9.10 - aioseo.com -->\n\t<meta name=\"description\" content=\"Los d\u00edas 25 y 26 de Marzo de 2.017 tendr\u00e1n lugar dos monogr\u00e1ficos de Retratos y Acolchados Minacos, en nuestra tienda de Coru\u00f1a, de la mano de Jacqueline Bahi.\" \/>\n\t<meta name=\"robots\" content=\"max-image-preview:large\" \/>\n\t<meta name=\"author\" content=\"Raquel\"\/>\n\t<link rel=\"canonical\" href=\"https:\/\/laruecapatchwork.com\/mundo_patchwork\/monografico-de-retratos-y-acolchados-minacos-con-jacqueline-bahi\" \/>\n\t<meta name=\"generator\" content=\"All in One SEO (AIOSEO) 4.9.10\" \/>\n\t\t<meta property=\"og:locale\" content=\"es_ES\" \/>\n\t\t<meta property=\"og:site_name\" content=\"La Rueca Patchwork \u00b7 Su tienda de labores en Internet | Novedades del Mundo Patchwork\" \/>\n\t\t<meta property=\"og:type\" content=\"article\" \/>\n\t\t<meta property=\"og:title\" content=\"Monogr\u00e1fico de Retratos y Acolchados Minacos con Jacqueline Bahi | La Rueca Patchwork \u00b7 Su tienda de labores en Internet\" \/>\n\t\t<meta property=\"og:description\" content=\"Los d\u00edas 25 y 26 de Marzo de 2.017 tendr\u00e1n lugar dos monogr\u00e1ficos de Retratos y Acolchados Minacos, en nuestra tienda de Coru\u00f1a, de la mano de Jacqueline Bahi.\" \/>\n\t\t<meta property=\"og:url\" content=\"https:\/\/laruecapatchwork.com\/mundo_patchwork\/monografico-de-retratos-y-acolchados-minacos-con-jacqueline-bahi\" \/>\n\t\t<meta property=\"article:published_time\" content=\"2017-02-20T07:00:27+00:00\" \/>\n\t\t<meta property=\"article:modified_time\" content=\"2017-02-20T11:29:17+00:00\" \/>\n\t\t<meta name=\"twitter:card\" content=\"summary\" \/>\n\t\t<meta name=\"twitter:title\" content=\"Monogr\u00e1fico de Retratos y Acolchados Minacos con Jacqueline Bahi | La Rueca Patchwork \u00b7 Su tienda de labores en Internet\" \/>\n\t\t<meta name=\"twitter:description\" content=\"Los d\u00edas 25 y 26 de Marzo de 2.017 tendr\u00e1n lugar dos monogr\u00e1ficos de Retratos y Acolchados Minacos, en nuestra tienda de Coru\u00f1a, de la mano de Jacqueline Bahi.\" \/>\n\t\t<script type=\"application\/ld+json\" class=\"aioseo-schema\">\n\t\t\t{\"@context\":\"https:\\\/\\\/schema.org\",\"@graph\":[{\"@type\":\"Article\",\"@id\":\"https:\\\/\\\/laruecapatchwork.com\\\/mundo_patchwork\\\/monografico-de-retratos-y-acolchados-minacos-con-jacqueline-bahi#article\",\"name\":\"Monogr\\u00e1fico de Retratos y Acolchados Minacos con Jacqueline Bahi | La Rueca Patchwork \\u00b7 Su tienda de labores en Internet\",\"headline\":\"Monogr\\u00e1fico de Retratos y Acolchados Minacos con Jacqueline Bahi\",\"author\":{\"@id\":\"https:\\\/\\\/laruecapatchwork.com\\\/mundo_patchwork\\\/author\\\/raquel#author\"},\"publisher\":{\"@id\":\"https:\\\/\\\/laruecapatchwork.com\\\/mundo_patchwork\\\/#organization\"},\"image\":{\"@type\":\"ImageObject\",\"url\":\"https:\\\/\\\/www.laruecapatchwork.com\\\/mundo_patchwork\\\/wp-content\\\/uploads\\\/2017\\\/02\\\/1400501_696047110436240_1797724170_o.jpg\",\"@id\":\"https:\\\/\\\/laruecapatchwork.com\\\/mundo_patchwork\\\/monografico-de-retratos-y-acolchados-minacos-con-jacqueline-bahi\\\/#articleImage\"},\"datePublished\":\"2017-02-20T09:00:27+02:00\",\"dateModified\":\"2017-02-20T13:29:17+02:00\",\"inLanguage\":\"es-ES\",\"mainEntityOfPage\":{\"@id\":\"https:\\\/\\\/laruecapatchwork.com\\\/mundo_patchwork\\\/monografico-de-retratos-y-acolchados-minacos-con-jacqueline-bahi#webpage\"},\"isPartOf\":{\"@id\":\"https:\\\/\\\/laruecapatchwork.com\\\/mundo_patchwork\\\/monografico-de-retratos-y-acolchados-minacos-con-jacqueline-bahi#webpage\"},\"articleSection\":\"Eventos, Monogr\\u00e1ficos, Mundo Patchwork, Acolchado, Decorativo, Jacqueline Bahi, Minacos, Retrato, Zentangle\"},{\"@type\":\"BreadcrumbList\",\"@id\":\"https:\\\/\\\/laruecapatchwork.com\\\/mundo_patchwork\\\/monografico-de-retratos-y-acolchados-minacos-con-jacqueline-bahi#breadcrumblist\",\"itemListElement\":[{\"@type\":\"ListItem\",\"@id\":\"https:\\\/\\\/laruecapatchwork.com\\\/mundo_patchwork#listItem\",\"position\":1,\"name\":\"Inicio\",\"item\":\"https:\\\/\\\/laruecapatchwork.com\\\/mundo_patchwork\",\"nextItem\":{\"@type\":\"ListItem\",\"@id\":\"https:\\\/\\\/laruecapatchwork.com\\\/mundo_patchwork\\\/categoria\\\/eventos#listItem\",\"name\":\"Eventos\"}},{\"@type\":\"ListItem\",\"@id\":\"https:\\\/\\\/laruecapatchwork.com\\\/mundo_patchwork\\\/categoria\\\/eventos#listItem\",\"position\":2,\"name\":\"Eventos\",\"item\":\"https:\\\/\\\/laruecapatchwork.com\\\/mundo_patchwork\\\/categoria\\\/eventos\",\"nextItem\":{\"@type\":\"ListItem\",\"@id\":\"https:\\\/\\\/laruecapatchwork.com\\\/mundo_patchwork\\\/categoria\\\/eventos\\\/monograficos#listItem\",\"name\":\"Monogr\\u00e1ficos\"},\"previousItem\":{\"@type\":\"ListItem\",\"@id\":\"https:\\\/\\\/laruecapatchwork.com\\\/mundo_patchwork#listItem\",\"name\":\"Inicio\"}},{\"@type\":\"ListItem\",\"@id\":\"https:\\\/\\\/laruecapatchwork.com\\\/mundo_patchwork\\\/categoria\\\/eventos\\\/monograficos#listItem\",\"position\":3,\"name\":\"Monogr\\u00e1ficos\",\"item\":\"https:\\\/\\\/laruecapatchwork.com\\\/mundo_patchwork\\\/categoria\\\/eventos\\\/monograficos\",\"nextItem\":{\"@type\":\"ListItem\",\"@id\":\"https:\\\/\\\/laruecapatchwork.com\\\/mundo_patchwork\\\/monografico-de-retratos-y-acolchados-minacos-con-jacqueline-bahi#listItem\",\"name\":\"Monogr\\u00e1fico de Retratos y Acolchados Minacos con Jacqueline Bahi\"},\"previousItem\":{\"@type\":\"ListItem\",\"@id\":\"https:\\\/\\\/laruecapatchwork.com\\\/mundo_patchwork\\\/categoria\\\/eventos#listItem\",\"name\":\"Eventos\"}},{\"@type\":\"ListItem\",\"@id\":\"https:\\\/\\\/laruecapatchwork.com\\\/mundo_patchwork\\\/monografico-de-retratos-y-acolchados-minacos-con-jacqueline-bahi#listItem\",\"position\":4,\"name\":\"Monogr\\u00e1fico de Retratos y Acolchados Minacos con Jacqueline Bahi\",\"previousItem\":{\"@type\":\"ListItem\",\"@id\":\"https:\\\/\\\/laruecapatchwork.com\\\/mundo_patchwork\\\/categoria\\\/eventos\\\/monograficos#listItem\",\"name\":\"Monogr\\u00e1ficos\"}}]},{\"@type\":\"Organization\",\"@id\":\"https:\\\/\\\/laruecapatchwork.com\\\/mundo_patchwork\\\/#organization\",\"name\":\"La Rueca Patchwork \\u00b7 Su tienda de labores en Internet\",\"description\":\"Novedades del Mundo Patchwork\",\"url\":\"https:\\\/\\\/laruecapatchwork.com\\\/mundo_patchwork\\\/\"},{\"@type\":\"Person\",\"@id\":\"https:\\\/\\\/laruecapatchwork.com\\\/mundo_patchwork\\\/author\\\/raquel#author\",\"url\":\"https:\\\/\\\/laruecapatchwork.com\\\/mundo_patchwork\\\/author\\\/raquel\",\"name\":\"Raquel\",\"image\":{\"@type\":\"ImageObject\",\"@id\":\"https:\\\/\\\/laruecapatchwork.com\\\/mundo_patchwork\\\/monografico-de-retratos-y-acolchados-minacos-con-jacqueline-bahi#authorImage\",\"url\":\"https:\\\/\\\/secure.gravatar.com\\\/avatar\\\/229ae7dce2c2e8b7e1a394b8ce5d3c5059480fef0dd0b1fc0bb4e71162d9406d?s=96&d=identicon&r=g\",\"width\":96,\"height\":96,\"caption\":\"Raquel\"}},{\"@type\":\"WebPage\",\"@id\":\"https:\\\/\\\/laruecapatchwork.com\\\/mundo_patchwork\\\/monografico-de-retratos-y-acolchados-minacos-con-jacqueline-bahi#webpage\",\"url\":\"https:\\\/\\\/laruecapatchwork.com\\\/mundo_patchwork\\\/monografico-de-retratos-y-acolchados-minacos-con-jacqueline-bahi\",\"name\":\"Monogr\\u00e1fico de Retratos y Acolchados Minacos con Jacqueline Bahi | La Rueca Patchwork \\u00b7 Su tienda de labores en Internet\",\"description\":\"Los d\\u00edas 25 y 26 de Marzo de 2.017 tendr\\u00e1n lugar dos monogr\\u00e1ficos de Retratos y Acolchados Minacos, en nuestra tienda de Coru\\u00f1a, de la mano de Jacqueline Bahi.\",\"inLanguage\":\"es-ES\",\"isPartOf\":{\"@id\":\"https:\\\/\\\/laruecapatchwork.com\\\/mundo_patchwork\\\/#website\"},\"breadcrumb\":{\"@id\":\"https:\\\/\\\/laruecapatchwork.com\\\/mundo_patchwork\\\/monografico-de-retratos-y-acolchados-minacos-con-jacqueline-bahi#breadcrumblist\"},\"author\":{\"@id\":\"https:\\\/\\\/laruecapatchwork.com\\\/mundo_patchwork\\\/author\\\/raquel#author\"},\"creator\":{\"@id\":\"https:\\\/\\\/laruecapatchwork.com\\\/mundo_patchwork\\\/author\\\/raquel#author\"},\"datePublished\":\"2017-02-20T09:00:27+02:00\",\"dateModified\":\"2017-02-20T13:29:17+02:00\"},{\"@type\":\"WebSite\",\"@id\":\"https:\\\/\\\/laruecapatchwork.com\\\/mundo_patchwork\\\/#website\",\"url\":\"https:\\\/\\\/laruecapatchwork.com\\\/mundo_patchwork\\\/\",\"name\":\"La Rueca Patchwork \\u00b7 Su tienda de labores en Internet\",\"description\":\"Novedades del Mundo Patchwork\",\"inLanguage\":\"es-ES\",\"publisher\":{\"@id\":\"https:\\\/\\\/laruecapatchwork.com\\\/mundo_patchwork\\\/#organization\"}}]}\n\t\t<\/script>\n\t\t<!-- All in One SEO -->\n\n","aioseo_head_json":{"title":"Monogr\u00e1fico de Retratos y Acolchados Minacos con Jacqueline Bahi | La Rueca Patchwork \u00b7 Su tienda de labores en Internet","description":"Los d\u00edas 25 y 26 de Marzo de 2.017 tendr\u00e1n lugar dos monogr\u00e1ficos de Retratos y Acolchados Minacos, en nuestra tienda de Coru\u00f1a, de la mano de Jacqueline Bahi.","canonical_url":"https:\/\/laruecapatchwork.com\/mundo_patchwork\/monografico-de-retratos-y-acolchados-minacos-con-jacqueline-bahi","robots":"max-image-preview:large","keywords":"","webmasterTools":{"miscellaneous":""},"schema":{"@context":"https:\/\/schema.org","@graph":[{"@type":"Article","@id":"https:\/\/laruecapatchwork.com\/mundo_patchwork\/monografico-de-retratos-y-acolchados-minacos-con-jacqueline-bahi#article","name":"Monogr\u00e1fico de Retratos y Acolchados Minacos con Jacqueline Bahi | La Rueca Patchwork \u00b7 Su tienda de labores en Internet","headline":"Monogr\u00e1fico de Retratos y Acolchados Minacos con Jacqueline Bahi","author":{"@id":"https:\/\/laruecapatchwork.com\/mundo_patchwork\/author\/raquel#author"},"publisher":{"@id":"https:\/\/laruecapatchwork.com\/mundo_patchwork\/#organization"},"image":{"@type":"ImageObject","url":"https:\/\/www.laruecapatchwork.com\/mundo_patchwork\/wp-content\/uploads\/2017\/02\/1400501_696047110436240_1797724170_o.jpg","@id":"https:\/\/laruecapatchwork.com\/mundo_patchwork\/monografico-de-retratos-y-acolchados-minacos-con-jacqueline-bahi\/#articleImage"},"datePublished":"2017-02-20T09:00:27+02:00","dateModified":"2017-02-20T13:29:17+02:00","inLanguage":"es-ES","mainEntityOfPage":{"@id":"https:\/\/laruecapatchwork.com\/mundo_patchwork\/monografico-de-retratos-y-acolchados-minacos-con-jacqueline-bahi#webpage"},"isPartOf":{"@id":"https:\/\/laruecapatchwork.com\/mundo_patchwork\/monografico-de-retratos-y-acolchados-minacos-con-jacqueline-bahi#webpage"},"articleSection":"Eventos, Monogr\u00e1ficos, Mundo Patchwork, Acolchado, Decorativo, Jacqueline Bahi, Minacos, Retrato, Zentangle"},{"@type":"BreadcrumbList","@id":"https:\/\/laruecapatchwork.com\/mundo_patchwork\/monografico-de-retratos-y-acolchados-minacos-con-jacqueline-bahi#breadcrumblist","itemListElement":[{"@type":"ListItem","@id":"https:\/\/laruecapatchwork.com\/mundo_patchwork#listItem","position":1,"name":"Inicio","item":"https:\/\/laruecapatchwork.com\/mundo_patchwork","nextItem":{"@type":"ListItem","@id":"https:\/\/laruecapatchwork.com\/mundo_patchwork\/categoria\/eventos#listItem","name":"Eventos"}},{"@type":"ListItem","@id":"https:\/\/laruecapatchwork.com\/mundo_patchwork\/categoria\/eventos#listItem","position":2,"name":"Eventos","item":"https:\/\/laruecapatchwork.com\/mundo_patchwork\/categoria\/eventos","nextItem":{"@type":"ListItem","@id":"https:\/\/laruecapatchwork.com\/mundo_patchwork\/categoria\/eventos\/monograficos#listItem","name":"Monogr\u00e1ficos"},"previousItem":{"@type":"ListItem","@id":"https:\/\/laruecapatchwork.com\/mundo_patchwork#listItem","name":"Inicio"}},{"@type":"ListItem","@id":"https:\/\/laruecapatchwork.com\/mundo_patchwork\/categoria\/eventos\/monograficos#listItem","position":3,"name":"Monogr\u00e1ficos","item":"https:\/\/laruecapatchwork.com\/mundo_patchwork\/categoria\/eventos\/monograficos","nextItem":{"@type":"ListItem","@id":"https:\/\/laruecapatchwork.com\/mundo_patchwork\/monografico-de-retratos-y-acolchados-minacos-con-jacqueline-bahi#listItem","name":"Monogr\u00e1fico de Retratos y Acolchados Minacos con Jacqueline Bahi"},"previousItem":{"@type":"ListItem","@id":"https:\/\/laruecapatchwork.com\/mundo_patchwork\/categoria\/eventos#listItem","name":"Eventos"}},{"@type":"ListItem","@id":"https:\/\/laruecapatchwork.com\/mundo_patchwork\/monografico-de-retratos-y-acolchados-minacos-con-jacqueline-bahi#listItem","position":4,"name":"Monogr\u00e1fico de Retratos y Acolchados Minacos con Jacqueline Bahi","previousItem":{"@type":"ListItem","@id":"https:\/\/laruecapatchwork.com\/mundo_patchwork\/categoria\/eventos\/monograficos#listItem","name":"Monogr\u00e1ficos"}}]},{"@type":"Organization","@id":"https:\/\/laruecapatchwork.com\/mundo_patchwork\/#organization","name":"La Rueca Patchwork \u00b7 Su tienda de labores en Internet","description":"Novedades del Mundo Patchwork","url":"https:\/\/laruecapatchwork.com\/mundo_patchwork\/"},{"@type":"Person","@id":"https:\/\/laruecapatchwork.com\/mundo_patchwork\/author\/raquel#author","url":"https:\/\/laruecapatchwork.com\/mundo_patchwork\/author\/raquel","name":"Raquel","image":{"@type":"ImageObject","@id":"https:\/\/laruecapatchwork.com\/mundo_patchwork\/monografico-de-retratos-y-acolchados-minacos-con-jacqueline-bahi#authorImage","url":"https:\/\/secure.gravatar.com\/avatar\/229ae7dce2c2e8b7e1a394b8ce5d3c5059480fef0dd0b1fc0bb4e71162d9406d?s=96&d=identicon&r=g","width":96,"height":96,"caption":"Raquel"}},{"@type":"WebPage","@id":"https:\/\/laruecapatchwork.com\/mundo_patchwork\/monografico-de-retratos-y-acolchados-minacos-con-jacqueline-bahi#webpage","url":"https:\/\/laruecapatchwork.com\/mundo_patchwork\/monografico-de-retratos-y-acolchados-minacos-con-jacqueline-bahi","name":"Monogr\u00e1fico de Retratos y Acolchados Minacos con Jacqueline Bahi | La Rueca Patchwork \u00b7 Su tienda de labores en Internet","description":"Los d\u00edas 25 y 26 de Marzo de 2.017 tendr\u00e1n lugar dos monogr\u00e1ficos de Retratos y Acolchados Minacos, en nuestra tienda de Coru\u00f1a, de la mano de Jacqueline Bahi.","inLanguage":"es-ES","isPartOf":{"@id":"https:\/\/laruecapatchwork.com\/mundo_patchwork\/#website"},"breadcrumb":{"@id":"https:\/\/laruecapatchwork.com\/mundo_patchwork\/monografico-de-retratos-y-acolchados-minacos-con-jacqueline-bahi#breadcrumblist"},"author":{"@id":"https:\/\/laruecapatchwork.com\/mundo_patchwork\/author\/raquel#author"},"creator":{"@id":"https:\/\/laruecapatchwork.com\/mundo_patchwork\/author\/raquel#author"},"datePublished":"2017-02-20T09:00:27+02:00","dateModified":"2017-02-20T13:29:17+02:00"},{"@type":"WebSite","@id":"https:\/\/laruecapatchwork.com\/mundo_patchwork\/#website","url":"https:\/\/laruecapatchwork.com\/mundo_patchwork\/","name":"La Rueca Patchwork \u00b7 Su tienda de labores en Internet","description":"Novedades del Mundo Patchwork","inLanguage":"es-ES","publisher":{"@id":"https:\/\/laruecapatchwork.com\/mundo_patchwork\/#organization"}}]},"og:locale":"es_ES","og:site_name":"La Rueca Patchwork \u00b7 Su tienda de labores en Internet | Novedades del Mundo Patchwork","og:type":"article","og:title":"Monogr\u00e1fico de Retratos y Acolchados Minacos con Jacqueline Bahi | La Rueca Patchwork \u00b7 Su tienda de labores en Internet","og:description":"Los d\u00edas 25 y 26 de Marzo de 2.017 tendr\u00e1n lugar dos monogr\u00e1ficos de Retratos y Acolchados Minacos, en nuestra tienda de Coru\u00f1a, de la mano de Jacqueline Bahi.","og:url":"https:\/\/laruecapatchwork.com\/mundo_patchwork\/monografico-de-retratos-y-acolchados-minacos-con-jacqueline-bahi","article:published_time":"2017-02-20T07:00:27+00:00","article:modified_time":"2017-02-20T11:29:17+00:00","twitter:card":"summary","twitter:title":"Monogr\u00e1fico de Retratos y Acolchados Minacos con Jacqueline Bahi | La Rueca Patchwork \u00b7 Su tienda de labores en Internet","twitter:description":"Los d\u00edas 25 y 26 de Marzo de 2.017 tendr\u00e1n lugar dos monogr\u00e1ficos de Retratos y Acolchados Minacos, en nuestra tienda de Coru\u00f1a, de la mano de Jacqueline Bahi."},"aioseo_meta_data":{"post_id":"3942","title":"Monogr\u00e1fico de Retratos y Acolchados Minacos con Jacqueline Bahi | #site_title","description":"Los d\u00edas 25 y 26 de Marzo de 2.017  tendr\u00e1n lugar dos monogr\u00e1ficos de Retratos y Acolchados Minacos, en nuestra tienda de Coru\u00f1a, de la mano de Jacqueline Bahi.","keywords":null,"keyphrases":null,"primary_term":null,"canonical_url":null,"og_title":null,"og_description":null,"og_object_type":"default","og_image_type":"default","og_image_url":null,"og_image_width":null,"og_image_height":null,"og_image_custom_url":null,"og_image_custom_fields":null,"og_video":null,"og_custom_url":null,"og_article_section":null,"og_article_tags":null,"twitter_use_og":false,"twitter_card":"default","twitter_image_type":"default","twitter_image_url":null,"twitter_image_custom_url":null,"twitter_image_custom_fields":null,"twitter_title":null,"twitter_description":null,"schema":{"blockGraphs":[],"customGraphs":[],"default":{"data":{"Article":[],"Course":[],"Dataset":[],"FAQPage":[],"Movie":[],"Person":[],"Product":[],"ProductReview":[],"Car":[],"Recipe":[],"Service":[],"SoftwareApplication":[],"WebPage":[]},"graphName":"","isEnabled":true},"graphs":[]},"schema_type":null,"schema_type_options":null,"pillar_content":false,"robots_default":true,"robots_noindex":false,"robots_noarchive":false,"robots_nosnippet":false,"robots_nofollow":false,"robots_noimageindex":false,"robots_noodp":false,"robots_notranslate":false,"robots_max_snippet":null,"robots_max_videopreview":null,"robots_max_imagepreview":"large","priority":null,"frequency":null,"local_seo":null,"breadcrumb_settings":null,"limit_modified_date":false,"ai":null,"created":"2021-05-24 09:44:46","updated":"2025-07-18 19:37:11","seo_analyzer_scan_date":null},"aioseo_breadcrumb":"<div class=\"aioseo-breadcrumbs\"><span class=\"aioseo-breadcrumb\">\n\t\t\t<a href=\"https:\/\/laruecapatchwork.com\/mundo_patchwork\" title=\"Inicio\">Inicio<\/a>\n\t\t<\/span><span class=\"aioseo-breadcrumb-separator\">&raquo;<\/span><span class=\"aioseo-breadcrumb\">\n\t\t\t<a href=\"https:\/\/laruecapatchwork.com\/mundo_patchwork\/categoria\/eventos\" title=\"Eventos\">Eventos<\/a>\n\t\t<\/span><span class=\"aioseo-breadcrumb-separator\">&raquo;<\/span><span class=\"aioseo-breadcrumb\">\n\t\t\t<a href=\"https:\/\/laruecapatchwork.com\/mundo_patchwork\/categoria\/eventos\/monograficos\" title=\"Monogr\u00e1ficos\">Monogr\u00e1ficos<\/a>\n\t\t<\/span><span class=\"aioseo-breadcrumb-separator\">&raquo;<\/span><span class=\"aioseo-breadcrumb\">\n\t\t\tMonogr\u00e1fico de Retratos y Acolchados Minacos con Jacqueline Bahi\n\t\t<\/span><\/div>","aioseo_breadcrumb_json":[{"label":"Inicio","link":"https:\/\/laruecapatchwork.com\/mundo_patchwork"},{"label":"Eventos","link":"https:\/\/laruecapatchwork.com\/mundo_patchwork\/categoria\/eventos"},{"label":"Monogr\u00e1ficos","link":"https:\/\/laruecapatchwork.com\/mundo_patchwork\/categoria\/eventos\/monograficos"},{"label":"Monogr\u00e1fico de Retratos y Acolchados Minacos con Jacqueline Bahi","link":"https:\/\/laruecapatchwork.com\/mundo_patchwork\/monografico-de-retratos-y-acolchados-minacos-con-jacqueline-bahi"}],"_links":{"self":[{"href":"https:\/\/laruecapatchwork.com\/mundo_patchwork\/wp-json\/wp\/v2\/posts\/3942","targetHints":{"allow":["GET"]}}],"collection":[{"href":"https:\/\/laruecapatchwork.com\/mundo_patchwork\/wp-json\/wp\/v2\/posts"}],"about":[{"href":"https:\/\/laruecapatchwork.com\/mundo_patchwork\/wp-json\/wp\/v2\/types\/post"}],"author":[{"embeddable":true,"href":"https:\/\/laruecapatchwork.com\/mundo_patchwork\/wp-json\/wp\/v2\/users\/14"}],"replies":[{"embeddable":true,"href":"https:\/\/laruecapatchwork.com\/mundo_patchwork\/wp-json\/wp\/v2\/comments?post=3942"}],"version-history":[{"count":0,"href":"https:\/\/laruecapatchwork.com\/mundo_patchwork\/wp-json\/wp\/v2\/posts\/3942\/revisions"}],"wp:attachment":[{"href":"https:\/\/laruecapatchwork.com\/mundo_patchwork\/wp-json\/wp\/v2\/media?parent=3942"}],"wp:term":[{"taxonomy":"category","embeddable":true,"href":"https:\/\/laruecapatchwork.com\/mundo_patchwork\/wp-json\/wp\/v2\/categories?post=3942"},{"taxonomy":"post_tag","embeddable":true,"href":"https:\/\/laruecapatchwork.com\/mundo_patchwork\/wp-json\/wp\/v2\/tags?post=3942"}],"curies":[{"name":"wp","href":"https:\/\/api.w.org\/{rel}","templated":true}]}}