{"id":3991,"date":"2017-04-19T21:42:41","date_gmt":"2017-04-19T19:42:41","guid":{"rendered":"http:\/\/www.laruecapatchwork.com\/mundo_patchwork\/?p=3991"},"modified":"2017-06-12T20:14:50","modified_gmt":"2017-06-12T18:14:50","slug":"monografico-de-tenido-de-telas-y-transparencias-texturadas-con-brigit-aubeso","status":"publish","type":"post","link":"https:\/\/laruecapatchwork.com\/mundo_patchwork\/monografico-de-tenido-de-telas-y-transparencias-texturadas-con-brigit-aubeso","title":{"rendered":"Monogr\u00e1fico de Te\u00f1ido de Telas y Transparencias Texturadas con Brigit Aubeso"},"content":{"rendered":"<p>Los d\u00edas <span style=\"color: #ff0000;\"><em><strong>20 y 21 de Mayo de 2.017<\/strong><\/em><\/span> tendr\u00e1n lugar los <strong><em><span style=\"color: #ff0000;\">monogr\u00e1ficos de Te\u00f1ido de Telas y Transparencias Texturadas<\/span><\/em><\/strong>, en nuestra tienda de Coru\u00f1a, de la mano de <span style=\"color: #ff0000;\"><strong><em>Brigit Aubeso<\/em><\/strong><\/span>.<\/p>\n<p>&nbsp;<\/p>\n<p><img loading=\"lazy\" decoding=\"async\" class=\"aligncenter size-full wp-image-3993\" src=\"https:\/\/www.laruecapatchwork.com\/mundo_patchwork\/wp-content\/uploads\/2017\/04\/Brigit-Aubeso.jpg\" alt=\"Brigit Aubeso\" width=\"600\" height=\"441\" srcset=\"https:\/\/laruecapatchwork.com\/mundo_patchwork\/wp-content\/uploads\/2017\/04\/Brigit-Aubeso.jpg 642w, https:\/\/laruecapatchwork.com\/mundo_patchwork\/wp-content\/uploads\/2017\/04\/Brigit-Aubeso-300x221.jpg 300w\" sizes=\"auto, (max-width: 600px) 100vw, 600px\" \/><\/p>\n<p>&nbsp;<\/p>\n<p>&nbsp;<\/p>\n<h2 style=\"text-align: center;\"><em><strong>D\u00eda 20 de Mayo 2.017<\/strong><\/em><\/h2>\n<p><strong>Curso: <span style=\"color: #ff0000;\">T\u00e9cnica de Te\u00f1ido de Telas<\/span><\/strong><br \/>\n<strong>Plazas:<\/strong> 10 personas.<br \/>\n<strong>Duraci\u00f3n:<\/strong> 8 horas.<br \/>\n<strong>Dirigido a:<\/strong> Personas con nivel principiante.<\/p>\n<p><strong>Descrici\u00f3n:<\/strong><\/p>\n<p>En este curso b\u00e1sico, aprender\u00e1s de una manera f\u00e1cil, los diferentes tipos de tejido, de tintes y de formas de te\u00f1ir.<\/p>\n<p>Realizaremos diversos ejercicios con tintes de los cuales obtendremos un surtido de telas te\u00f1idas que podr\u00e1n formar parte de la paleta de colores para la realizaci\u00f3n de futuros quilts. Los resultados son fant\u00e1sticos.<\/p>\n<p><img loading=\"lazy\" decoding=\"async\" class=\"aligncenter size-full wp-image-4006\" src=\"https:\/\/www.laruecapatchwork.com\/mundo_patchwork\/wp-content\/uploads\/2017\/04\/Te\u00f1ido-con-Tintes.png\" alt=\"Te\u00f1ido de Telas con Brigit Aubeso\" width=\"600\" height=\"450\" srcset=\"https:\/\/laruecapatchwork.com\/mundo_patchwork\/wp-content\/uploads\/2017\/04\/Te\u00f1ido-con-Tintes.png 600w, https:\/\/laruecapatchwork.com\/mundo_patchwork\/wp-content\/uploads\/2017\/04\/Te\u00f1ido-con-Tintes-300x225.png 300w\" sizes=\"auto, (max-width: 600px) 100vw, 600px\" \/><\/p>\n<p>&nbsp;<\/p>\n<p>&nbsp;<\/p>\n<h2 style=\"text-align: center;\"><em><strong>D\u00eda 21 de Mayo 2.017<\/strong><\/em><\/h2>\n<p><strong>Curso: <span style=\"color: #ff0000;\">T\u00e9cnica de Transparencias Texturadas<\/span><\/strong><br \/>\n<strong>Plazas:<\/strong> 10 personas.<br \/>\n<strong>Duraci\u00f3n:<\/strong> 8 horas.<br \/>\n<strong>Dirigido a:<\/strong> Personas con nivel principiante.<\/p>\n<p><strong>Descripci\u00f3n:<\/strong><\/p>\n<p>Este curso est\u00e1 destinado a producir transparencias con cuerpos transl\u00facidos, como la copa de Martini de la imagen. Los resultados son fantasticos.<\/p>\n<p>Se trabaja la aplicaci\u00f3n con friselina Misty Fuse y Punching, preparando las organzas con diferentes materiales, para obtener tejidos texturados.<\/p>\n<p><img loading=\"lazy\" decoding=\"async\" class=\"aligncenter size-full wp-image-3996\" src=\"https:\/\/www.laruecapatchwork.com\/mundo_patchwork\/wp-content\/uploads\/2017\/04\/Transparencia-Texturada.png\" alt=\"Transparencias Texturadas con Brigit Aubeso\" width=\"600\" height=\"521\" srcset=\"https:\/\/laruecapatchwork.com\/mundo_patchwork\/wp-content\/uploads\/2017\/04\/Transparencia-Texturada.png 600w, https:\/\/laruecapatchwork.com\/mundo_patchwork\/wp-content\/uploads\/2017\/04\/Transparencia-Texturada-300x261.png 300w\" sizes=\"auto, (max-width: 600px) 100vw, 600px\" \/><\/p>\n<p>&nbsp;<\/p>\n<h2 style=\"text-align: center;\"><em><strong>Caracter\u00edsticas e Inscripci\u00f3n<\/strong><\/em><\/h2>\n<p>Los cursos son de 10:00 a 20:00, con paradas incluida para caf\u00e9 de media ma\u00f1ana, comida y aperitivo de media tarde.<\/p>\n<p>Los cursos ser\u00e1n presenciales e impartidos en nuestras instalaciones situadas en la Avenida de Finisterre n\u00ba 15-17 de La Coru\u00f1a.<\/p>\n<p>La inscripci\u00f3n a los <strong><em>Monogr\u00e1ficos con Brigit Aubeso<\/em><\/strong> debe realizarse en nuestra tienda de la Avda. Finisterre 15-17, llamado al n\u00famero de tel\u00e9fono 881 967 498 o contactando por whatsapp al 650 273 088.<\/p>\n<p>El n\u00famero de plazas es limitado y la reserva ser\u00e1 por orden de inscripci\u00f3n previo pago.<\/p>\n<p>Os esperamos &#8230;!!!<\/p>\n","protected":false},"excerpt":{"rendered":"<p>No os lo podeis perder !!!<\/p>\n","protected":false},"author":3,"featured_media":0,"comment_status":"open","ping_status":"open","sticky":false,"template":"","format":"standard","meta":{"_exactmetrics_skip_tracking":false,"footnotes":""},"categories":[23,5],"tags":[495,562,563,561,560,559],"class_list":["post-3991","post","type-post","status-publish","format-standard","hentry","category-monograficos","category-mundo-patchwork","tag-brigit-aubeso","tag-friselina-misty-fuse","tag-punching","tag-tenido","tag-texturadas","tag-transparencias"],"aioseo_notices":[],"aioseo_head":"\n\t\t<!-- All in One SEO 4.9.10 - aioseo.com -->\n\t<meta name=\"description\" content=\"Los d\u00edas 20 y 21 de Mayo de 2.017 tendr\u00e1n lugar los monogr\u00e1ficos de Te\u00f1ido de Telas y Transparencias Texturadas, en nuestra tienda de Coru\u00f1a, de la mano de Brigit Aubeso.\" \/>\n\t<meta name=\"robots\" content=\"max-image-preview:large\" \/>\n\t<meta name=\"author\" content=\"Administrador\"\/>\n\t<link rel=\"canonical\" href=\"https:\/\/laruecapatchwork.com\/mundo_patchwork\/monografico-de-tenido-de-telas-y-transparencias-texturadas-con-brigit-aubeso\" \/>\n\t<meta name=\"generator\" content=\"All in One SEO (AIOSEO) 4.9.10\" \/>\n\t\t<meta property=\"og:locale\" content=\"es_ES\" \/>\n\t\t<meta property=\"og:site_name\" content=\"La Rueca Patchwork \u00b7 Su tienda de labores en Internet | Novedades del Mundo Patchwork\" \/>\n\t\t<meta property=\"og:type\" content=\"article\" \/>\n\t\t<meta property=\"og:title\" content=\"Monogr\u00e1fico de Te\u00f1ido de Telas y Transparencias Texturadas | La Rueca Patchwork \u00b7 Su tienda de labores en Internet\" \/>\n\t\t<meta property=\"og:description\" content=\"Los d\u00edas 20 y 21 de Mayo de 2.017 tendr\u00e1n lugar los monogr\u00e1ficos de Te\u00f1ido de Telas y Transparencias Texturadas, en nuestra tienda de Coru\u00f1a, de la mano de Brigit Aubeso.\" \/>\n\t\t<meta property=\"og:url\" content=\"https:\/\/laruecapatchwork.com\/mundo_patchwork\/monografico-de-tenido-de-telas-y-transparencias-texturadas-con-brigit-aubeso\" \/>\n\t\t<meta property=\"article:published_time\" content=\"2017-04-19T19:42:41+00:00\" \/>\n\t\t<meta property=\"article:modified_time\" content=\"2017-06-12T18:14:50+00:00\" \/>\n\t\t<meta name=\"twitter:card\" content=\"summary\" \/>\n\t\t<meta name=\"twitter:title\" content=\"Monogr\u00e1fico de Te\u00f1ido de Telas y Transparencias Texturadas | La Rueca Patchwork \u00b7 Su tienda de labores en Internet\" \/>\n\t\t<meta name=\"twitter:description\" content=\"Los d\u00edas 20 y 21 de Mayo de 2.017 tendr\u00e1n lugar los monogr\u00e1ficos de Te\u00f1ido de Telas y Transparencias Texturadas, en nuestra tienda de Coru\u00f1a, de la mano de Brigit Aubeso.\" \/>\n\t\t<script type=\"application\/ld+json\" class=\"aioseo-schema\">\n\t\t\t{\"@context\":\"https:\\\/\\\/schema.org\",\"@graph\":[{\"@type\":\"Article\",\"@id\":\"https:\\\/\\\/laruecapatchwork.com\\\/mundo_patchwork\\\/monografico-de-tenido-de-telas-y-transparencias-texturadas-con-brigit-aubeso#article\",\"name\":\"Monogr\\u00e1fico de Te\\u00f1ido de Telas y Transparencias Texturadas | La Rueca Patchwork \\u00b7 Su tienda de labores en Internet\",\"headline\":\"Monogr\\u00e1fico de Te\\u00f1ido de Telas y Transparencias Texturadas con Brigit Aubeso\",\"author\":{\"@id\":\"https:\\\/\\\/laruecapatchwork.com\\\/mundo_patchwork\\\/author\\\/administrador#author\"},\"publisher\":{\"@id\":\"https:\\\/\\\/laruecapatchwork.com\\\/mundo_patchwork\\\/#organization\"},\"image\":{\"@type\":\"ImageObject\",\"url\":\"https:\\\/\\\/www.laruecapatchwork.com\\\/mundo_patchwork\\\/wp-content\\\/uploads\\\/2017\\\/04\\\/Brigit-Aubeso.jpg\",\"@id\":\"https:\\\/\\\/laruecapatchwork.com\\\/mundo_patchwork\\\/monografico-de-tenido-de-telas-y-transparencias-texturadas-con-brigit-aubeso\\\/#articleImage\"},\"datePublished\":\"2017-04-19T21:42:41+02:00\",\"dateModified\":\"2017-06-12T20:14:50+02:00\",\"inLanguage\":\"es-ES\",\"mainEntityOfPage\":{\"@id\":\"https:\\\/\\\/laruecapatchwork.com\\\/mundo_patchwork\\\/monografico-de-tenido-de-telas-y-transparencias-texturadas-con-brigit-aubeso#webpage\"},\"isPartOf\":{\"@id\":\"https:\\\/\\\/laruecapatchwork.com\\\/mundo_patchwork\\\/monografico-de-tenido-de-telas-y-transparencias-texturadas-con-brigit-aubeso#webpage\"},\"articleSection\":\"Monogr\\u00e1ficos, Mundo Patchwork, Brigit Aubeso, friselina Misty Fuse, Punching, Te\\u00f1ido, Texturadas, Transparencias\"},{\"@type\":\"BreadcrumbList\",\"@id\":\"https:\\\/\\\/laruecapatchwork.com\\\/mundo_patchwork\\\/monografico-de-tenido-de-telas-y-transparencias-texturadas-con-brigit-aubeso#breadcrumblist\",\"itemListElement\":[{\"@type\":\"ListItem\",\"@id\":\"https:\\\/\\\/laruecapatchwork.com\\\/mundo_patchwork#listItem\",\"position\":1,\"name\":\"Inicio\",\"item\":\"https:\\\/\\\/laruecapatchwork.com\\\/mundo_patchwork\",\"nextItem\":{\"@type\":\"ListItem\",\"@id\":\"https:\\\/\\\/laruecapatchwork.com\\\/mundo_patchwork\\\/categoria\\\/eventos#listItem\",\"name\":\"Eventos\"}},{\"@type\":\"ListItem\",\"@id\":\"https:\\\/\\\/laruecapatchwork.com\\\/mundo_patchwork\\\/categoria\\\/eventos#listItem\",\"position\":2,\"name\":\"Eventos\",\"item\":\"https:\\\/\\\/laruecapatchwork.com\\\/mundo_patchwork\\\/categoria\\\/eventos\",\"nextItem\":{\"@type\":\"ListItem\",\"@id\":\"https:\\\/\\\/laruecapatchwork.com\\\/mundo_patchwork\\\/categoria\\\/eventos\\\/monograficos#listItem\",\"name\":\"Monogr\\u00e1ficos\"},\"previousItem\":{\"@type\":\"ListItem\",\"@id\":\"https:\\\/\\\/laruecapatchwork.com\\\/mundo_patchwork#listItem\",\"name\":\"Inicio\"}},{\"@type\":\"ListItem\",\"@id\":\"https:\\\/\\\/laruecapatchwork.com\\\/mundo_patchwork\\\/categoria\\\/eventos\\\/monograficos#listItem\",\"position\":3,\"name\":\"Monogr\\u00e1ficos\",\"item\":\"https:\\\/\\\/laruecapatchwork.com\\\/mundo_patchwork\\\/categoria\\\/eventos\\\/monograficos\",\"nextItem\":{\"@type\":\"ListItem\",\"@id\":\"https:\\\/\\\/laruecapatchwork.com\\\/mundo_patchwork\\\/monografico-de-tenido-de-telas-y-transparencias-texturadas-con-brigit-aubeso#listItem\",\"name\":\"Monogr\\u00e1fico de Te\\u00f1ido de Telas y Transparencias Texturadas con Brigit Aubeso\"},\"previousItem\":{\"@type\":\"ListItem\",\"@id\":\"https:\\\/\\\/laruecapatchwork.com\\\/mundo_patchwork\\\/categoria\\\/eventos#listItem\",\"name\":\"Eventos\"}},{\"@type\":\"ListItem\",\"@id\":\"https:\\\/\\\/laruecapatchwork.com\\\/mundo_patchwork\\\/monografico-de-tenido-de-telas-y-transparencias-texturadas-con-brigit-aubeso#listItem\",\"position\":4,\"name\":\"Monogr\\u00e1fico de Te\\u00f1ido de Telas y Transparencias Texturadas con Brigit Aubeso\",\"previousItem\":{\"@type\":\"ListItem\",\"@id\":\"https:\\\/\\\/laruecapatchwork.com\\\/mundo_patchwork\\\/categoria\\\/eventos\\\/monograficos#listItem\",\"name\":\"Monogr\\u00e1ficos\"}}]},{\"@type\":\"Organization\",\"@id\":\"https:\\\/\\\/laruecapatchwork.com\\\/mundo_patchwork\\\/#organization\",\"name\":\"La Rueca Patchwork \\u00b7 Su tienda de labores en Internet\",\"description\":\"Novedades del Mundo Patchwork\",\"url\":\"https:\\\/\\\/laruecapatchwork.com\\\/mundo_patchwork\\\/\"},{\"@type\":\"Person\",\"@id\":\"https:\\\/\\\/laruecapatchwork.com\\\/mundo_patchwork\\\/author\\\/administrador#author\",\"url\":\"https:\\\/\\\/laruecapatchwork.com\\\/mundo_patchwork\\\/author\\\/administrador\",\"name\":\"Administrador\",\"image\":{\"@type\":\"ImageObject\",\"@id\":\"https:\\\/\\\/laruecapatchwork.com\\\/mundo_patchwork\\\/monografico-de-tenido-de-telas-y-transparencias-texturadas-con-brigit-aubeso#authorImage\",\"url\":\"https:\\\/\\\/secure.gravatar.com\\\/avatar\\\/8a1d571f943695f3427fc8ad5db23350102b8098aef5c5104533c183b95ea9ce?s=96&d=identicon&r=g\",\"width\":96,\"height\":96,\"caption\":\"Administrador\"}},{\"@type\":\"WebPage\",\"@id\":\"https:\\\/\\\/laruecapatchwork.com\\\/mundo_patchwork\\\/monografico-de-tenido-de-telas-y-transparencias-texturadas-con-brigit-aubeso#webpage\",\"url\":\"https:\\\/\\\/laruecapatchwork.com\\\/mundo_patchwork\\\/monografico-de-tenido-de-telas-y-transparencias-texturadas-con-brigit-aubeso\",\"name\":\"Monogr\\u00e1fico de Te\\u00f1ido de Telas y Transparencias Texturadas | La Rueca Patchwork \\u00b7 Su tienda de labores en Internet\",\"description\":\"Los d\\u00edas 20 y 21 de Mayo de 2.017 tendr\\u00e1n lugar los monogr\\u00e1ficos de Te\\u00f1ido de Telas y Transparencias Texturadas, en nuestra tienda de Coru\\u00f1a, de la mano de Brigit Aubeso.\",\"inLanguage\":\"es-ES\",\"isPartOf\":{\"@id\":\"https:\\\/\\\/laruecapatchwork.com\\\/mundo_patchwork\\\/#website\"},\"breadcrumb\":{\"@id\":\"https:\\\/\\\/laruecapatchwork.com\\\/mundo_patchwork\\\/monografico-de-tenido-de-telas-y-transparencias-texturadas-con-brigit-aubeso#breadcrumblist\"},\"author\":{\"@id\":\"https:\\\/\\\/laruecapatchwork.com\\\/mundo_patchwork\\\/author\\\/administrador#author\"},\"creator\":{\"@id\":\"https:\\\/\\\/laruecapatchwork.com\\\/mundo_patchwork\\\/author\\\/administrador#author\"},\"datePublished\":\"2017-04-19T21:42:41+02:00\",\"dateModified\":\"2017-06-12T20:14:50+02:00\"},{\"@type\":\"WebSite\",\"@id\":\"https:\\\/\\\/laruecapatchwork.com\\\/mundo_patchwork\\\/#website\",\"url\":\"https:\\\/\\\/laruecapatchwork.com\\\/mundo_patchwork\\\/\",\"name\":\"La Rueca Patchwork \\u00b7 Su tienda de labores en Internet\",\"description\":\"Novedades del Mundo Patchwork\",\"inLanguage\":\"es-ES\",\"publisher\":{\"@id\":\"https:\\\/\\\/laruecapatchwork.com\\\/mundo_patchwork\\\/#organization\"}}]}\n\t\t<\/script>\n\t\t<!-- All in One SEO -->\n\n","aioseo_head_json":{"title":"Monogr\u00e1fico de Te\u00f1ido de Telas y Transparencias Texturadas | La Rueca Patchwork \u00b7 Su tienda de labores en Internet","description":"Los d\u00edas 20 y 21 de Mayo de 2.017 tendr\u00e1n lugar los monogr\u00e1ficos de Te\u00f1ido de Telas y Transparencias Texturadas, en nuestra tienda de Coru\u00f1a, de la mano de Brigit Aubeso.","canonical_url":"https:\/\/laruecapatchwork.com\/mundo_patchwork\/monografico-de-tenido-de-telas-y-transparencias-texturadas-con-brigit-aubeso","robots":"max-image-preview:large","keywords":"","webmasterTools":{"miscellaneous":""},"schema":{"@context":"https:\/\/schema.org","@graph":[{"@type":"Article","@id":"https:\/\/laruecapatchwork.com\/mundo_patchwork\/monografico-de-tenido-de-telas-y-transparencias-texturadas-con-brigit-aubeso#article","name":"Monogr\u00e1fico de Te\u00f1ido de Telas y Transparencias Texturadas | La Rueca Patchwork \u00b7 Su tienda de labores en Internet","headline":"Monogr\u00e1fico de Te\u00f1ido de Telas y Transparencias Texturadas con Brigit Aubeso","author":{"@id":"https:\/\/laruecapatchwork.com\/mundo_patchwork\/author\/administrador#author"},"publisher":{"@id":"https:\/\/laruecapatchwork.com\/mundo_patchwork\/#organization"},"image":{"@type":"ImageObject","url":"https:\/\/www.laruecapatchwork.com\/mundo_patchwork\/wp-content\/uploads\/2017\/04\/Brigit-Aubeso.jpg","@id":"https:\/\/laruecapatchwork.com\/mundo_patchwork\/monografico-de-tenido-de-telas-y-transparencias-texturadas-con-brigit-aubeso\/#articleImage"},"datePublished":"2017-04-19T21:42:41+02:00","dateModified":"2017-06-12T20:14:50+02:00","inLanguage":"es-ES","mainEntityOfPage":{"@id":"https:\/\/laruecapatchwork.com\/mundo_patchwork\/monografico-de-tenido-de-telas-y-transparencias-texturadas-con-brigit-aubeso#webpage"},"isPartOf":{"@id":"https:\/\/laruecapatchwork.com\/mundo_patchwork\/monografico-de-tenido-de-telas-y-transparencias-texturadas-con-brigit-aubeso#webpage"},"articleSection":"Monogr\u00e1ficos, Mundo Patchwork, Brigit Aubeso, friselina Misty Fuse, Punching, Te\u00f1ido, Texturadas, Transparencias"},{"@type":"BreadcrumbList","@id":"https:\/\/laruecapatchwork.com\/mundo_patchwork\/monografico-de-tenido-de-telas-y-transparencias-texturadas-con-brigit-aubeso#breadcrumblist","itemListElement":[{"@type":"ListItem","@id":"https:\/\/laruecapatchwork.com\/mundo_patchwork#listItem","position":1,"name":"Inicio","item":"https:\/\/laruecapatchwork.com\/mundo_patchwork","nextItem":{"@type":"ListItem","@id":"https:\/\/laruecapatchwork.com\/mundo_patchwork\/categoria\/eventos#listItem","name":"Eventos"}},{"@type":"ListItem","@id":"https:\/\/laruecapatchwork.com\/mundo_patchwork\/categoria\/eventos#listItem","position":2,"name":"Eventos","item":"https:\/\/laruecapatchwork.com\/mundo_patchwork\/categoria\/eventos","nextItem":{"@type":"ListItem","@id":"https:\/\/laruecapatchwork.com\/mundo_patchwork\/categoria\/eventos\/monograficos#listItem","name":"Monogr\u00e1ficos"},"previousItem":{"@type":"ListItem","@id":"https:\/\/laruecapatchwork.com\/mundo_patchwork#listItem","name":"Inicio"}},{"@type":"ListItem","@id":"https:\/\/laruecapatchwork.com\/mundo_patchwork\/categoria\/eventos\/monograficos#listItem","position":3,"name":"Monogr\u00e1ficos","item":"https:\/\/laruecapatchwork.com\/mundo_patchwork\/categoria\/eventos\/monograficos","nextItem":{"@type":"ListItem","@id":"https:\/\/laruecapatchwork.com\/mundo_patchwork\/monografico-de-tenido-de-telas-y-transparencias-texturadas-con-brigit-aubeso#listItem","name":"Monogr\u00e1fico de Te\u00f1ido de Telas y Transparencias Texturadas con Brigit Aubeso"},"previousItem":{"@type":"ListItem","@id":"https:\/\/laruecapatchwork.com\/mundo_patchwork\/categoria\/eventos#listItem","name":"Eventos"}},{"@type":"ListItem","@id":"https:\/\/laruecapatchwork.com\/mundo_patchwork\/monografico-de-tenido-de-telas-y-transparencias-texturadas-con-brigit-aubeso#listItem","position":4,"name":"Monogr\u00e1fico de Te\u00f1ido de Telas y Transparencias Texturadas con Brigit Aubeso","previousItem":{"@type":"ListItem","@id":"https:\/\/laruecapatchwork.com\/mundo_patchwork\/categoria\/eventos\/monograficos#listItem","name":"Monogr\u00e1ficos"}}]},{"@type":"Organization","@id":"https:\/\/laruecapatchwork.com\/mundo_patchwork\/#organization","name":"La Rueca Patchwork \u00b7 Su tienda de labores en Internet","description":"Novedades del Mundo Patchwork","url":"https:\/\/laruecapatchwork.com\/mundo_patchwork\/"},{"@type":"Person","@id":"https:\/\/laruecapatchwork.com\/mundo_patchwork\/author\/administrador#author","url":"https:\/\/laruecapatchwork.com\/mundo_patchwork\/author\/administrador","name":"Administrador","image":{"@type":"ImageObject","@id":"https:\/\/laruecapatchwork.com\/mundo_patchwork\/monografico-de-tenido-de-telas-y-transparencias-texturadas-con-brigit-aubeso#authorImage","url":"https:\/\/secure.gravatar.com\/avatar\/8a1d571f943695f3427fc8ad5db23350102b8098aef5c5104533c183b95ea9ce?s=96&d=identicon&r=g","width":96,"height":96,"caption":"Administrador"}},{"@type":"WebPage","@id":"https:\/\/laruecapatchwork.com\/mundo_patchwork\/monografico-de-tenido-de-telas-y-transparencias-texturadas-con-brigit-aubeso#webpage","url":"https:\/\/laruecapatchwork.com\/mundo_patchwork\/monografico-de-tenido-de-telas-y-transparencias-texturadas-con-brigit-aubeso","name":"Monogr\u00e1fico de Te\u00f1ido de Telas y Transparencias Texturadas | La Rueca Patchwork \u00b7 Su tienda de labores en Internet","description":"Los d\u00edas 20 y 21 de Mayo de 2.017 tendr\u00e1n lugar los monogr\u00e1ficos de Te\u00f1ido de Telas y Transparencias Texturadas, en nuestra tienda de Coru\u00f1a, de la mano de Brigit Aubeso.","inLanguage":"es-ES","isPartOf":{"@id":"https:\/\/laruecapatchwork.com\/mundo_patchwork\/#website"},"breadcrumb":{"@id":"https:\/\/laruecapatchwork.com\/mundo_patchwork\/monografico-de-tenido-de-telas-y-transparencias-texturadas-con-brigit-aubeso#breadcrumblist"},"author":{"@id":"https:\/\/laruecapatchwork.com\/mundo_patchwork\/author\/administrador#author"},"creator":{"@id":"https:\/\/laruecapatchwork.com\/mundo_patchwork\/author\/administrador#author"},"datePublished":"2017-04-19T21:42:41+02:00","dateModified":"2017-06-12T20:14:50+02:00"},{"@type":"WebSite","@id":"https:\/\/laruecapatchwork.com\/mundo_patchwork\/#website","url":"https:\/\/laruecapatchwork.com\/mundo_patchwork\/","name":"La Rueca Patchwork \u00b7 Su tienda de labores en Internet","description":"Novedades del Mundo Patchwork","inLanguage":"es-ES","publisher":{"@id":"https:\/\/laruecapatchwork.com\/mundo_patchwork\/#organization"}}]},"og:locale":"es_ES","og:site_name":"La Rueca Patchwork \u00b7 Su tienda de labores en Internet | Novedades del Mundo Patchwork","og:type":"article","og:title":"Monogr\u00e1fico de Te\u00f1ido de Telas y Transparencias Texturadas | La Rueca Patchwork \u00b7 Su tienda de labores en Internet","og:description":"Los d\u00edas 20 y 21 de Mayo de 2.017 tendr\u00e1n lugar los monogr\u00e1ficos de Te\u00f1ido de Telas y Transparencias Texturadas, en nuestra tienda de Coru\u00f1a, de la mano de Brigit Aubeso.","og:url":"https:\/\/laruecapatchwork.com\/mundo_patchwork\/monografico-de-tenido-de-telas-y-transparencias-texturadas-con-brigit-aubeso","article:published_time":"2017-04-19T19:42:41+00:00","article:modified_time":"2017-06-12T18:14:50+00:00","twitter:card":"summary","twitter:title":"Monogr\u00e1fico de Te\u00f1ido de Telas y Transparencias Texturadas | La Rueca Patchwork \u00b7 Su tienda de labores en Internet","twitter:description":"Los d\u00edas 20 y 21 de Mayo de 2.017 tendr\u00e1n lugar los monogr\u00e1ficos de Te\u00f1ido de Telas y Transparencias Texturadas, en nuestra tienda de Coru\u00f1a, de la mano de Brigit Aubeso."},"aioseo_meta_data":{"post_id":"3991","title":"Monogr\u00e1fico de Te\u00f1ido de Telas y Transparencias Texturadas | #site_title","description":"Los d\u00edas 20 y 21 de Mayo de 2.017 tendr\u00e1n lugar los monogr\u00e1ficos de Te\u00f1ido de Telas y Transparencias Texturadas, en nuestra tienda de Coru\u00f1a, de la mano de Brigit Aubeso.","keywords":null,"keyphrases":null,"primary_term":null,"canonical_url":null,"og_title":null,"og_description":null,"og_object_type":"default","og_image_type":"default","og_image_url":null,"og_image_width":null,"og_image_height":null,"og_image_custom_url":null,"og_image_custom_fields":null,"og_video":null,"og_custom_url":null,"og_article_section":null,"og_article_tags":null,"twitter_use_og":false,"twitter_card":"default","twitter_image_type":"default","twitter_image_url":null,"twitter_image_custom_url":null,"twitter_image_custom_fields":null,"twitter_title":null,"twitter_description":null,"schema":{"blockGraphs":[],"customGraphs":[],"default":{"data":{"Article":[],"Course":[],"Dataset":[],"FAQPage":[],"Movie":[],"Person":[],"Product":[],"ProductReview":[],"Car":[],"Recipe":[],"Service":[],"SoftwareApplication":[],"WebPage":[]},"graphName":"","isEnabled":true},"graphs":[]},"schema_type":null,"schema_type_options":null,"pillar_content":false,"robots_default":true,"robots_noindex":false,"robots_noarchive":false,"robots_nosnippet":false,"robots_nofollow":false,"robots_noimageindex":false,"robots_noodp":false,"robots_notranslate":false,"robots_max_snippet":null,"robots_max_videopreview":null,"robots_max_imagepreview":"large","priority":null,"frequency":null,"local_seo":null,"breadcrumb_settings":null,"limit_modified_date":false,"ai":null,"created":"2021-05-24 09:44:46","updated":"2025-07-18 19:37:11","seo_analyzer_scan_date":null},"aioseo_breadcrumb":"<div class=\"aioseo-breadcrumbs\"><span class=\"aioseo-breadcrumb\">\n\t\t\t<a href=\"https:\/\/laruecapatchwork.com\/mundo_patchwork\" title=\"Inicio\">Inicio<\/a>\n\t\t<\/span><span class=\"aioseo-breadcrumb-separator\">&raquo;<\/span><span class=\"aioseo-breadcrumb\">\n\t\t\t<a href=\"https:\/\/laruecapatchwork.com\/mundo_patchwork\/categoria\/eventos\" title=\"Eventos\">Eventos<\/a>\n\t\t<\/span><span class=\"aioseo-breadcrumb-separator\">&raquo;<\/span><span class=\"aioseo-breadcrumb\">\n\t\t\t<a href=\"https:\/\/laruecapatchwork.com\/mundo_patchwork\/categoria\/eventos\/monograficos\" title=\"Monogr\u00e1ficos\">Monogr\u00e1ficos<\/a>\n\t\t<\/span><span class=\"aioseo-breadcrumb-separator\">&raquo;<\/span><span class=\"aioseo-breadcrumb\">\n\t\t\tMonogr\u00e1fico de Te\u00f1ido de Telas y Transparencias Texturadas con Brigit Aubeso\n\t\t<\/span><\/div>","aioseo_breadcrumb_json":[{"label":"Inicio","link":"https:\/\/laruecapatchwork.com\/mundo_patchwork"},{"label":"Eventos","link":"https:\/\/laruecapatchwork.com\/mundo_patchwork\/categoria\/eventos"},{"label":"Monogr\u00e1ficos","link":"https:\/\/laruecapatchwork.com\/mundo_patchwork\/categoria\/eventos\/monograficos"},{"label":"Monogr\u00e1fico de Te\u00f1ido de Telas y Transparencias Texturadas con Brigit Aubeso","link":"https:\/\/laruecapatchwork.com\/mundo_patchwork\/monografico-de-tenido-de-telas-y-transparencias-texturadas-con-brigit-aubeso"}],"_links":{"self":[{"href":"https:\/\/laruecapatchwork.com\/mundo_patchwork\/wp-json\/wp\/v2\/posts\/3991","targetHints":{"allow":["GET"]}}],"collection":[{"href":"https:\/\/laruecapatchwork.com\/mundo_patchwork\/wp-json\/wp\/v2\/posts"}],"about":[{"href":"https:\/\/laruecapatchwork.com\/mundo_patchwork\/wp-json\/wp\/v2\/types\/post"}],"author":[{"embeddable":true,"href":"https:\/\/laruecapatchwork.com\/mundo_patchwork\/wp-json\/wp\/v2\/users\/3"}],"replies":[{"embeddable":true,"href":"https:\/\/laruecapatchwork.com\/mundo_patchwork\/wp-json\/wp\/v2\/comments?post=3991"}],"version-history":[{"count":0,"href":"https:\/\/laruecapatchwork.com\/mundo_patchwork\/wp-json\/wp\/v2\/posts\/3991\/revisions"}],"wp:attachment":[{"href":"https:\/\/laruecapatchwork.com\/mundo_patchwork\/wp-json\/wp\/v2\/media?parent=3991"}],"wp:term":[{"taxonomy":"category","embeddable":true,"href":"https:\/\/laruecapatchwork.com\/mundo_patchwork\/wp-json\/wp\/v2\/categories?post=3991"},{"taxonomy":"post_tag","embeddable":true,"href":"https:\/\/laruecapatchwork.com\/mundo_patchwork\/wp-json\/wp\/v2\/tags?post=3991"}],"curies":[{"name":"wp","href":"https:\/\/api.w.org\/{rel}","templated":true}]}}