{"id":4118,"date":"2017-09-04T09:00:53","date_gmt":"2017-09-04T07:00:53","guid":{"rendered":"http:\/\/www.laruecapatchwork.com\/mundo_patchwork\/?p=4118"},"modified":"2018-02-14T19:19:04","modified_gmt":"2018-02-14T17:19:04","slug":"monografico-de-pliegues-high-tech-tucks-con-raquel-sueiras-amigo","status":"publish","type":"post","link":"https:\/\/laruecapatchwork.com\/mundo_patchwork\/monografico-de-pliegues-high-tech-tucks-con-raquel-sueiras-amigo","title":{"rendered":"Monogr\u00e1fico de Pliegues \u00abHigh Tech Tucks\u00bb con Raquel Sueiras Amigo"},"content":{"rendered":"<p>&nbsp;<\/p>\n<h2 style=\"text-align: center;\"><em><strong>S\u00e1bado, 23 de Septiembre de 2.017<\/strong><\/em><\/h2>\n<p><strong>Taller: <span style=\"color: #ff0000;\">Monogr\u00e1fico de Pliegues<\/span><\/strong><br \/>\n<strong>T\u00e9cnica: <span style=\"color: #ff0000;\">High Tech Tucks<\/span><\/strong><br \/>\n<strong>Impartido por: <span style=\"color: #ff0000;\">Raquel Sueiras Amigo<\/span><\/strong><\/p>\n<p><strong>Plazas:<\/strong> 10 personas<br \/>\n<strong>Duraci\u00f3n:<\/strong> 4 horas, en 2 grupos de Ma\u00f1ana y Tarde<br \/>\n<strong>Dirigido a:<\/strong> Personas iniciadas en las t\u00e9cnicas de patchwork<\/p>\n<p><strong>Descripci\u00f3n:<\/strong><\/p>\n<p>En este monogr\u00e1fico ense\u00f1aremos <span lang=\"es\">a confeccionar tucks tridimensionales, en colores graduados de la serie High Tech Tucks.<\/span><\/p>\n<p>Esta t\u00e9cnica es facil y divertida, y conseguiremos resultados rapidos y llamativos, donde el color ser\u00e1 el protagonista<\/p>\n<p>Para la realizaci\u00f3n del curso, utilizaremos la m\u00e1quina de coser.<\/p>\n<p><img loading=\"lazy\" decoding=\"async\" class=\"size-full wp-image-4138\" src=\"https:\/\/www.laruecapatchwork.com\/mundo_patchwork\/wp-content\/uploads\/2017\/09\/IMG_8798.jpg\" alt=\"Pliegues High Tech Tucks\" width=\"640\" height=\"490\" align=\"aligncenter\" srcset=\"https:\/\/laruecapatchwork.com\/mundo_patchwork\/wp-content\/uploads\/2017\/09\/IMG_8798.jpg 640w, https:\/\/laruecapatchwork.com\/mundo_patchwork\/wp-content\/uploads\/2017\/09\/IMG_8798-300x230.jpg 300w\" sizes=\"auto, (max-width: 640px) 100vw, 640px\" \/><\/p>\n<p>&nbsp;<\/p>\n<h2 style=\"text-align: center;\"><em><strong>Caracter\u00edsticas e Inscripci\u00f3n<\/strong><\/em><\/h2>\n<p>El Curso de Ma\u00f1ana ser\u00e1 de 10:00 a 14:00 h.<br \/>\nEl Curso de Tarde ser\u00e1 de 16:00 a 20:00 h.<\/p>\n<p>Los cursos ser\u00e1n presenciales e impartidos en nuestras instalaciones situadas en la Avenida de Finisterre n\u00ba 15-17 de La Coru\u00f1a.<\/p>\n<p>La inscripci\u00f3n al Monogr\u00e1fico, debe realizarse en nuestra tienda de la Avda. Finisterre 15-17, llamado al n\u00famero de tel\u00e9fono 881 967 498 o contactando por whatsapp al 650 273 088.<\/p>\n<p>El n\u00famero de plazas es limitado y la reserva ser\u00e1 por orden de inscripci\u00f3n previo pago.<\/p>\n<p>Os esperamos &#8230;!!!<\/p>\n<h2 style=\"text-align: center;\"><em><strong>Raquel Sueiras Amigo<\/strong><\/em><\/h2>\n<table>\n<tbody>\n<tr>\n<td align=\"justify\" valign=\"top\" width=\"33%\"><img decoding=\"async\" class=\"alignleft\" src=\"https:\/\/www.laruecapatchwork.com\/mundo_patchwork\/wp-content\/uploads\/2017\/09\/Raquel-Sueiras-Amigo.jpg\" alt=\"Raquel Sueiras Amigo\" \/><\/td>\n<td align=\"justify\" valign=\"top\" width=\"2%\"><\/td>\n<td align=\"justify\" valign=\"top\" width=\"65%\">\n<p>Raquel Sueiras Amigo, es propietaria de La Rueca Patchwork y maestra en m\u00faltiples labores y t\u00e9cnicas.<\/p>\n<p>Como responsable de las clases de Patchwork, re\u00fane todas las cualidades y capacidades necesarias para satisfacer a l@s alumn@s m\u00e1s exigentes.<\/p>\n<p>Sus alumn@s y amig@s, destacan su car\u00e1cter, capaz de crear calma y armon\u00eda en todas sus clases; su capacidad de ense\u00f1anza, avalada por la infinidad de trabajos realizados por sus alumn@s y las profesoras que permanentemente se forman bajo su tutela; y su profesionalidad, demostrada d\u00eda a d\u00eda en la forma de transmitir soluciones a sus alumn@s, ante cualquier reto que se presente.<\/p>\n<\/td>\n<\/tr>\n<\/tbody>\n<\/table>\n","protected":false},"excerpt":{"rendered":"<p>S\u00e1bado 23 de Septiembre<br \/>\nApuntate &#8230;!<\/p>\n","protected":false},"author":3,"featured_media":0,"comment_status":"closed","ping_status":"closed","sticky":false,"template":"","format":"standard","meta":{"_exactmetrics_skip_tracking":false,"_exactmetrics_sitenote_active":false,"_exactmetrics_sitenote_note":"","_exactmetrics_sitenote_category":0,"footnotes":""},"categories":[23,5],"tags":[576,574,48,127,577,578],"class_list":["post-4118","post","type-post","status-publish","format-standard","hentry","category-monograficos","category-mundo-patchwork","tag-high","tag-monografico","tag-pliegues","tag-raquel-sueiras","tag-tech","tag-tucks"],"aioseo_notices":[],"_links":{"self":[{"href":"https:\/\/laruecapatchwork.com\/mundo_patchwork\/wp-json\/wp\/v2\/posts\/4118","targetHints":{"allow":["GET"]}}],"collection":[{"href":"https:\/\/laruecapatchwork.com\/mundo_patchwork\/wp-json\/wp\/v2\/posts"}],"about":[{"href":"https:\/\/laruecapatchwork.com\/mundo_patchwork\/wp-json\/wp\/v2\/types\/post"}],"author":[{"embeddable":true,"href":"https:\/\/laruecapatchwork.com\/mundo_patchwork\/wp-json\/wp\/v2\/users\/3"}],"replies":[{"embeddable":true,"href":"https:\/\/laruecapatchwork.com\/mundo_patchwork\/wp-json\/wp\/v2\/comments?post=4118"}],"version-history":[{"count":0,"href":"https:\/\/laruecapatchwork.com\/mundo_patchwork\/wp-json\/wp\/v2\/posts\/4118\/revisions"}],"wp:attachment":[{"href":"https:\/\/laruecapatchwork.com\/mundo_patchwork\/wp-json\/wp\/v2\/media?parent=4118"}],"wp:term":[{"taxonomy":"category","embeddable":true,"href":"https:\/\/laruecapatchwork.com\/mundo_patchwork\/wp-json\/wp\/v2\/categories?post=4118"},{"taxonomy":"post_tag","embeddable":true,"href":"https:\/\/laruecapatchwork.com\/mundo_patchwork\/wp-json\/wp\/v2\/tags?post=4118"}],"curies":[{"name":"wp","href":"https:\/\/api.w.org\/{rel}","templated":true}]}}