{"id":4201,"date":"2018-01-02T09:00:59","date_gmt":"2018-01-02T07:00:59","guid":{"rendered":"http:\/\/www.laruecapatchwork.com\/mundo_patchwork\/?p=4201"},"modified":"2018-01-18T01:47:39","modified_gmt":"2018-01-17T23:47:39","slug":"monografico-de-pieceo-clasico-con-precortados-con-raquel-sueiras-amigo","status":"publish","type":"post","link":"https:\/\/laruecapatchwork.com\/mundo_patchwork\/monografico-de-pieceo-clasico-con-precortados-con-raquel-sueiras-amigo","title":{"rendered":"Monogr\u00e1fico de \u00abPieceo Clasico con Precortados\u00bb con Raquel Sueiras"},"content":{"rendered":"<p>&nbsp;<\/p>\n<h2 style=\"text-align: center;\"><em><strong>S\u00e1bado, 13 de Enero de 2.018<\/strong><\/em><\/h2>\n<p><strong>Taller: <span style=\"color: #ff0000;\">Pieceo Clasico<\/span><\/strong><br \/>\n<strong>T\u00e9cnica: <span style=\"color: #ff0000;\">Precortados<\/span><\/strong><br \/>\n<strong>Impartido por: <span style=\"color: #ff0000;\">Raquel Sueiras<\/span><\/strong><\/p>\n<p><strong>Plazas:<\/strong> 10 personas<br \/>\n<strong>Duraci\u00f3n:<\/strong> 4 horas, en 2 grupos de Ma\u00f1ana y Tarde<br \/>\n<strong>Dirigido a:<\/strong> todos los entusiastas del patchwork<\/p>\n<p><strong>Descripci\u00f3n:<\/strong><\/p>\n<p>En este monogr\u00e1fico ense\u00f1aremos a confeccionar con precortados, para lo cual, utilizaremos productos Charm Pack y Cake Mix.<\/p>\n<p>Esta t\u00e9cnica sorprender\u00e1 por ser una forma muy r\u00e1pida, f\u00e1cil, diferente y muy entretenida, de hacer pieceo cl\u00e1sico;\u00a0 podremos hacer con un solo patr\u00f3n, un sinf\u00edn de bloques diferentes.<\/p>\n<p>Para la realizaci\u00f3n del curso, utilizaremos la m\u00e1quina de coser.<\/p>\n<p><img loading=\"lazy\" decoding=\"async\" class=\"aligncenter size-full wp-image-4208\" src=\"https:\/\/www.laruecapatchwork.com\/mundo_patchwork\/wp-content\/uploads\/2018\/01\/Pieceo-Clasico-con-Precortados.jpg\" alt=\"Pieceo Clasico con Precortados\" width=\"640\" height=\"782\" srcset=\"https:\/\/laruecapatchwork.com\/mundo_patchwork\/wp-content\/uploads\/2018\/01\/Pieceo-Clasico-con-Precortados.jpg 640w, https:\/\/laruecapatchwork.com\/mundo_patchwork\/wp-content\/uploads\/2018\/01\/Pieceo-Clasico-con-Precortados-246x300.jpg 246w\" sizes=\"auto, (max-width: 640px) 100vw, 640px\" \/><\/p>\n<p>&nbsp;<\/p>\n<h2 style=\"text-align: center;\"><em><strong>Caracter\u00edsticas e Inscripci\u00f3n<\/strong><\/em><\/h2>\n<p>El Curso de Ma\u00f1ana ser\u00e1 de 10:00 a 14:00 h.<br \/>\nEl Curso de Tarde ser\u00e1 de 16:00 a 20:00 h.<\/p>\n<p>Los cursos ser\u00e1n presenciales e impartidos en nuestras instalaciones situadas en la Avenida de Finisterre n\u00ba 15-17 de La Coru\u00f1a.<\/p>\n<p>La inscripci\u00f3n al Monogr\u00e1fico, debe realizarse en nuestra tienda de la Avda. Finisterre 15-17, llamado al n\u00famero de tel\u00e9fono 881 967 498 o contactando por whatsapp al 650 273 088.<\/p>\n<p>El n\u00famero de plazas es limitado y la reserva ser\u00e1 por orden de inscripci\u00f3n previo pago.<\/p>\n<p>Os esperamos &#8230;!!!<\/p>\n<h2 style=\"text-align: center;\"><em><strong>Raquel Sueiras Amigo<\/strong><\/em><\/h2>\n<table>\n<tbody>\n<tr>\n<td align=\"justify\" valign=\"top\" width=\"33%\"><img decoding=\"async\" class=\"alignleft\" src=\"https:\/\/www.laruecapatchwork.com\/mundo_patchwork\/wp-content\/uploads\/2017\/09\/Raquel-Sueiras-Amigo.jpg\" alt=\"Raquel Sueiras Amigo\" \/><\/td>\n<td align=\"justify\" valign=\"top\" width=\"2%\"><\/td>\n<td align=\"justify\" valign=\"top\" width=\"65%\">\n<p>Raquel Sueiras Amigo, es propietaria de La Rueca Patchwork y maestra en m\u00faltiples labores y t\u00e9cnicas.<\/p>\n<p>Como responsable de las clases de Patchwork, re\u00fane todas las cualidades y capacidades necesarias para satisfacer a l@s alumn@s m\u00e1s exigentes.<\/p>\n<p>Sus alumn@s y amig@s, destacan su car\u00e1cter, capaz de crear calma y armon\u00eda en todas sus clases; su capacidad de ense\u00f1anza, avalada por la infinidad de trabajos realizados por sus alumn@s y las profesoras que permanentemente se forman bajo su tutela; y su profesionalidad, demostrada d\u00eda a d\u00eda en la forma de transmitir soluciones a sus alumn@s, ante cualquier reto que se presente.<\/td>\n<\/tr>\n<\/tbody>\n<\/table>\n","protected":false},"excerpt":{"rendered":"<p>Monogr\u00e1fico de \u00abPieceo Clasico con Precortados\u00bb con Raquel Sueiras Amigo<\/p>\n","protected":false},"author":3,"featured_media":0,"comment_status":"open","ping_status":"open","sticky":false,"template":"","format":"standard","meta":{"_exactmetrics_skip_tracking":false,"footnotes":""},"categories":[23,5],"tags":[584,382,226,582,583],"class_list":["post-4201","post","type-post","status-publish","format-standard","hentry","category-monograficos","category-mundo-patchwork","tag-cake-mix","tag-charm-pack","tag-moda-fabrics","tag-pieceo","tag-precortados"],"aioseo_notices":[],"aioseo_head":"\n\t\t<!-- All in One SEO 4.9.10 - aioseo.com -->\n\t<meta name=\"description\" content=\"Monogr\u00e1fico de &quot;Pieceo Clasico con Precortados&quot; con Raquel Sueiras Amigo.\" \/>\n\t<meta name=\"robots\" content=\"max-image-preview:large\" \/>\n\t<meta name=\"author\" content=\"Administrador\"\/>\n\t<link rel=\"canonical\" href=\"https:\/\/laruecapatchwork.com\/mundo_patchwork\/monografico-de-pieceo-clasico-con-precortados-con-raquel-sueiras-amigo\" \/>\n\t<meta name=\"generator\" content=\"All in One SEO (AIOSEO) 4.9.10\" \/>\n\t\t<meta property=\"og:locale\" content=\"es_ES\" \/>\n\t\t<meta property=\"og:site_name\" content=\"La Rueca Patchwork \u00b7 Su tienda de labores en Internet | Novedades del Mundo Patchwork\" \/>\n\t\t<meta property=\"og:type\" content=\"article\" \/>\n\t\t<meta property=\"og:title\" content=\"Monogr\u00e1fico de Pieceo Clasico con Precortados | La Rueca Patchwork \u00b7 Su tienda de labores en Internet\" \/>\n\t\t<meta property=\"og:description\" content=\"Monogr\u00e1fico de &quot;Pieceo Clasico con Precortados&quot; con Raquel Sueiras Amigo.\" \/>\n\t\t<meta property=\"og:url\" content=\"https:\/\/laruecapatchwork.com\/mundo_patchwork\/monografico-de-pieceo-clasico-con-precortados-con-raquel-sueiras-amigo\" \/>\n\t\t<meta property=\"article:published_time\" content=\"2018-01-02T07:00:59+00:00\" \/>\n\t\t<meta property=\"article:modified_time\" content=\"2018-01-17T23:47:39+00:00\" \/>\n\t\t<meta name=\"twitter:card\" content=\"summary\" \/>\n\t\t<meta name=\"twitter:title\" content=\"Monogr\u00e1fico de Pieceo Clasico con Precortados | La Rueca Patchwork \u00b7 Su tienda de labores en Internet\" \/>\n\t\t<meta name=\"twitter:description\" content=\"Monogr\u00e1fico de &quot;Pieceo Clasico con Precortados&quot; con Raquel Sueiras Amigo.\" \/>\n\t\t<script type=\"application\/ld+json\" class=\"aioseo-schema\">\n\t\t\t{\"@context\":\"https:\\\/\\\/schema.org\",\"@graph\":[{\"@type\":\"Article\",\"@id\":\"https:\\\/\\\/laruecapatchwork.com\\\/mundo_patchwork\\\/monografico-de-pieceo-clasico-con-precortados-con-raquel-sueiras-amigo#article\",\"name\":\"Monogr\\u00e1fico de Pieceo Clasico con Precortados | La Rueca Patchwork \\u00b7 Su tienda de labores en Internet\",\"headline\":\"Monogr\\u00e1fico de \\u00abPieceo Clasico con Precortados\\u00bb con Raquel Sueiras\",\"author\":{\"@id\":\"https:\\\/\\\/laruecapatchwork.com\\\/mundo_patchwork\\\/author\\\/administrador#author\"},\"publisher\":{\"@id\":\"https:\\\/\\\/laruecapatchwork.com\\\/mundo_patchwork\\\/#organization\"},\"image\":{\"@type\":\"ImageObject\",\"url\":\"https:\\\/\\\/www.laruecapatchwork.com\\\/mundo_patchwork\\\/wp-content\\\/uploads\\\/2018\\\/01\\\/Pieceo-Clasico-con-Precortados.jpg\",\"@id\":\"https:\\\/\\\/laruecapatchwork.com\\\/mundo_patchwork\\\/monografico-de-pieceo-clasico-con-precortados-con-raquel-sueiras-amigo\\\/#articleImage\"},\"datePublished\":\"2018-01-02T09:00:59+02:00\",\"dateModified\":\"2018-01-18T01:47:39+02:00\",\"inLanguage\":\"es-ES\",\"mainEntityOfPage\":{\"@id\":\"https:\\\/\\\/laruecapatchwork.com\\\/mundo_patchwork\\\/monografico-de-pieceo-clasico-con-precortados-con-raquel-sueiras-amigo#webpage\"},\"isPartOf\":{\"@id\":\"https:\\\/\\\/laruecapatchwork.com\\\/mundo_patchwork\\\/monografico-de-pieceo-clasico-con-precortados-con-raquel-sueiras-amigo#webpage\"},\"articleSection\":\"Monogr\\u00e1ficos, Mundo Patchwork, Cake Mix, Charm Pack, Moda Fabrics, Pieceo, Precortados\"},{\"@type\":\"BreadcrumbList\",\"@id\":\"https:\\\/\\\/laruecapatchwork.com\\\/mundo_patchwork\\\/monografico-de-pieceo-clasico-con-precortados-con-raquel-sueiras-amigo#breadcrumblist\",\"itemListElement\":[{\"@type\":\"ListItem\",\"@id\":\"https:\\\/\\\/laruecapatchwork.com\\\/mundo_patchwork#listItem\",\"position\":1,\"name\":\"Inicio\",\"item\":\"https:\\\/\\\/laruecapatchwork.com\\\/mundo_patchwork\",\"nextItem\":{\"@type\":\"ListItem\",\"@id\":\"https:\\\/\\\/laruecapatchwork.com\\\/mundo_patchwork\\\/categoria\\\/eventos#listItem\",\"name\":\"Eventos\"}},{\"@type\":\"ListItem\",\"@id\":\"https:\\\/\\\/laruecapatchwork.com\\\/mundo_patchwork\\\/categoria\\\/eventos#listItem\",\"position\":2,\"name\":\"Eventos\",\"item\":\"https:\\\/\\\/laruecapatchwork.com\\\/mundo_patchwork\\\/categoria\\\/eventos\",\"nextItem\":{\"@type\":\"ListItem\",\"@id\":\"https:\\\/\\\/laruecapatchwork.com\\\/mundo_patchwork\\\/categoria\\\/eventos\\\/monograficos#listItem\",\"name\":\"Monogr\\u00e1ficos\"},\"previousItem\":{\"@type\":\"ListItem\",\"@id\":\"https:\\\/\\\/laruecapatchwork.com\\\/mundo_patchwork#listItem\",\"name\":\"Inicio\"}},{\"@type\":\"ListItem\",\"@id\":\"https:\\\/\\\/laruecapatchwork.com\\\/mundo_patchwork\\\/categoria\\\/eventos\\\/monograficos#listItem\",\"position\":3,\"name\":\"Monogr\\u00e1ficos\",\"item\":\"https:\\\/\\\/laruecapatchwork.com\\\/mundo_patchwork\\\/categoria\\\/eventos\\\/monograficos\",\"nextItem\":{\"@type\":\"ListItem\",\"@id\":\"https:\\\/\\\/laruecapatchwork.com\\\/mundo_patchwork\\\/monografico-de-pieceo-clasico-con-precortados-con-raquel-sueiras-amigo#listItem\",\"name\":\"Monogr\\u00e1fico de \\u00abPieceo Clasico con Precortados\\u00bb con Raquel Sueiras\"},\"previousItem\":{\"@type\":\"ListItem\",\"@id\":\"https:\\\/\\\/laruecapatchwork.com\\\/mundo_patchwork\\\/categoria\\\/eventos#listItem\",\"name\":\"Eventos\"}},{\"@type\":\"ListItem\",\"@id\":\"https:\\\/\\\/laruecapatchwork.com\\\/mundo_patchwork\\\/monografico-de-pieceo-clasico-con-precortados-con-raquel-sueiras-amigo#listItem\",\"position\":4,\"name\":\"Monogr\\u00e1fico de \\u00abPieceo Clasico con Precortados\\u00bb con Raquel Sueiras\",\"previousItem\":{\"@type\":\"ListItem\",\"@id\":\"https:\\\/\\\/laruecapatchwork.com\\\/mundo_patchwork\\\/categoria\\\/eventos\\\/monograficos#listItem\",\"name\":\"Monogr\\u00e1ficos\"}}]},{\"@type\":\"Organization\",\"@id\":\"https:\\\/\\\/laruecapatchwork.com\\\/mundo_patchwork\\\/#organization\",\"name\":\"La Rueca Patchwork \\u00b7 Su tienda de labores en Internet\",\"description\":\"Novedades del Mundo Patchwork\",\"url\":\"https:\\\/\\\/laruecapatchwork.com\\\/mundo_patchwork\\\/\"},{\"@type\":\"Person\",\"@id\":\"https:\\\/\\\/laruecapatchwork.com\\\/mundo_patchwork\\\/author\\\/administrador#author\",\"url\":\"https:\\\/\\\/laruecapatchwork.com\\\/mundo_patchwork\\\/author\\\/administrador\",\"name\":\"Administrador\",\"image\":{\"@type\":\"ImageObject\",\"@id\":\"https:\\\/\\\/laruecapatchwork.com\\\/mundo_patchwork\\\/monografico-de-pieceo-clasico-con-precortados-con-raquel-sueiras-amigo#authorImage\",\"url\":\"https:\\\/\\\/secure.gravatar.com\\\/avatar\\\/8a1d571f943695f3427fc8ad5db23350102b8098aef5c5104533c183b95ea9ce?s=96&d=identicon&r=g\",\"width\":96,\"height\":96,\"caption\":\"Administrador\"}},{\"@type\":\"WebPage\",\"@id\":\"https:\\\/\\\/laruecapatchwork.com\\\/mundo_patchwork\\\/monografico-de-pieceo-clasico-con-precortados-con-raquel-sueiras-amigo#webpage\",\"url\":\"https:\\\/\\\/laruecapatchwork.com\\\/mundo_patchwork\\\/monografico-de-pieceo-clasico-con-precortados-con-raquel-sueiras-amigo\",\"name\":\"Monogr\\u00e1fico de Pieceo Clasico con Precortados | La Rueca Patchwork \\u00b7 Su tienda de labores en Internet\",\"description\":\"Monogr\\u00e1fico de \\\"Pieceo Clasico con Precortados\\\" con Raquel Sueiras Amigo.\",\"inLanguage\":\"es-ES\",\"isPartOf\":{\"@id\":\"https:\\\/\\\/laruecapatchwork.com\\\/mundo_patchwork\\\/#website\"},\"breadcrumb\":{\"@id\":\"https:\\\/\\\/laruecapatchwork.com\\\/mundo_patchwork\\\/monografico-de-pieceo-clasico-con-precortados-con-raquel-sueiras-amigo#breadcrumblist\"},\"author\":{\"@id\":\"https:\\\/\\\/laruecapatchwork.com\\\/mundo_patchwork\\\/author\\\/administrador#author\"},\"creator\":{\"@id\":\"https:\\\/\\\/laruecapatchwork.com\\\/mundo_patchwork\\\/author\\\/administrador#author\"},\"datePublished\":\"2018-01-02T09:00:59+02:00\",\"dateModified\":\"2018-01-18T01:47:39+02:00\"},{\"@type\":\"WebSite\",\"@id\":\"https:\\\/\\\/laruecapatchwork.com\\\/mundo_patchwork\\\/#website\",\"url\":\"https:\\\/\\\/laruecapatchwork.com\\\/mundo_patchwork\\\/\",\"name\":\"La Rueca Patchwork \\u00b7 Su tienda de labores en Internet\",\"description\":\"Novedades del Mundo Patchwork\",\"inLanguage\":\"es-ES\",\"publisher\":{\"@id\":\"https:\\\/\\\/laruecapatchwork.com\\\/mundo_patchwork\\\/#organization\"}}]}\n\t\t<\/script>\n\t\t<!-- All in One SEO -->\n\n","aioseo_head_json":{"title":"Monogr\u00e1fico de Pieceo Clasico con Precortados | La Rueca Patchwork \u00b7 Su tienda de labores en Internet","description":"Monogr\u00e1fico de \"Pieceo Clasico con Precortados\" con Raquel Sueiras Amigo.","canonical_url":"https:\/\/laruecapatchwork.com\/mundo_patchwork\/monografico-de-pieceo-clasico-con-precortados-con-raquel-sueiras-amigo","robots":"max-image-preview:large","keywords":"","webmasterTools":{"miscellaneous":""},"schema":{"@context":"https:\/\/schema.org","@graph":[{"@type":"Article","@id":"https:\/\/laruecapatchwork.com\/mundo_patchwork\/monografico-de-pieceo-clasico-con-precortados-con-raquel-sueiras-amigo#article","name":"Monogr\u00e1fico de Pieceo Clasico con Precortados | La Rueca Patchwork \u00b7 Su tienda de labores en Internet","headline":"Monogr\u00e1fico de \u00abPieceo Clasico con Precortados\u00bb con Raquel Sueiras","author":{"@id":"https:\/\/laruecapatchwork.com\/mundo_patchwork\/author\/administrador#author"},"publisher":{"@id":"https:\/\/laruecapatchwork.com\/mundo_patchwork\/#organization"},"image":{"@type":"ImageObject","url":"https:\/\/www.laruecapatchwork.com\/mundo_patchwork\/wp-content\/uploads\/2018\/01\/Pieceo-Clasico-con-Precortados.jpg","@id":"https:\/\/laruecapatchwork.com\/mundo_patchwork\/monografico-de-pieceo-clasico-con-precortados-con-raquel-sueiras-amigo\/#articleImage"},"datePublished":"2018-01-02T09:00:59+02:00","dateModified":"2018-01-18T01:47:39+02:00","inLanguage":"es-ES","mainEntityOfPage":{"@id":"https:\/\/laruecapatchwork.com\/mundo_patchwork\/monografico-de-pieceo-clasico-con-precortados-con-raquel-sueiras-amigo#webpage"},"isPartOf":{"@id":"https:\/\/laruecapatchwork.com\/mundo_patchwork\/monografico-de-pieceo-clasico-con-precortados-con-raquel-sueiras-amigo#webpage"},"articleSection":"Monogr\u00e1ficos, Mundo Patchwork, Cake Mix, Charm Pack, Moda Fabrics, Pieceo, Precortados"},{"@type":"BreadcrumbList","@id":"https:\/\/laruecapatchwork.com\/mundo_patchwork\/monografico-de-pieceo-clasico-con-precortados-con-raquel-sueiras-amigo#breadcrumblist","itemListElement":[{"@type":"ListItem","@id":"https:\/\/laruecapatchwork.com\/mundo_patchwork#listItem","position":1,"name":"Inicio","item":"https:\/\/laruecapatchwork.com\/mundo_patchwork","nextItem":{"@type":"ListItem","@id":"https:\/\/laruecapatchwork.com\/mundo_patchwork\/categoria\/eventos#listItem","name":"Eventos"}},{"@type":"ListItem","@id":"https:\/\/laruecapatchwork.com\/mundo_patchwork\/categoria\/eventos#listItem","position":2,"name":"Eventos","item":"https:\/\/laruecapatchwork.com\/mundo_patchwork\/categoria\/eventos","nextItem":{"@type":"ListItem","@id":"https:\/\/laruecapatchwork.com\/mundo_patchwork\/categoria\/eventos\/monograficos#listItem","name":"Monogr\u00e1ficos"},"previousItem":{"@type":"ListItem","@id":"https:\/\/laruecapatchwork.com\/mundo_patchwork#listItem","name":"Inicio"}},{"@type":"ListItem","@id":"https:\/\/laruecapatchwork.com\/mundo_patchwork\/categoria\/eventos\/monograficos#listItem","position":3,"name":"Monogr\u00e1ficos","item":"https:\/\/laruecapatchwork.com\/mundo_patchwork\/categoria\/eventos\/monograficos","nextItem":{"@type":"ListItem","@id":"https:\/\/laruecapatchwork.com\/mundo_patchwork\/monografico-de-pieceo-clasico-con-precortados-con-raquel-sueiras-amigo#listItem","name":"Monogr\u00e1fico de \u00abPieceo Clasico con Precortados\u00bb con Raquel Sueiras"},"previousItem":{"@type":"ListItem","@id":"https:\/\/laruecapatchwork.com\/mundo_patchwork\/categoria\/eventos#listItem","name":"Eventos"}},{"@type":"ListItem","@id":"https:\/\/laruecapatchwork.com\/mundo_patchwork\/monografico-de-pieceo-clasico-con-precortados-con-raquel-sueiras-amigo#listItem","position":4,"name":"Monogr\u00e1fico de \u00abPieceo Clasico con Precortados\u00bb con Raquel Sueiras","previousItem":{"@type":"ListItem","@id":"https:\/\/laruecapatchwork.com\/mundo_patchwork\/categoria\/eventos\/monograficos#listItem","name":"Monogr\u00e1ficos"}}]},{"@type":"Organization","@id":"https:\/\/laruecapatchwork.com\/mundo_patchwork\/#organization","name":"La Rueca Patchwork \u00b7 Su tienda de labores en Internet","description":"Novedades del Mundo Patchwork","url":"https:\/\/laruecapatchwork.com\/mundo_patchwork\/"},{"@type":"Person","@id":"https:\/\/laruecapatchwork.com\/mundo_patchwork\/author\/administrador#author","url":"https:\/\/laruecapatchwork.com\/mundo_patchwork\/author\/administrador","name":"Administrador","image":{"@type":"ImageObject","@id":"https:\/\/laruecapatchwork.com\/mundo_patchwork\/monografico-de-pieceo-clasico-con-precortados-con-raquel-sueiras-amigo#authorImage","url":"https:\/\/secure.gravatar.com\/avatar\/8a1d571f943695f3427fc8ad5db23350102b8098aef5c5104533c183b95ea9ce?s=96&d=identicon&r=g","width":96,"height":96,"caption":"Administrador"}},{"@type":"WebPage","@id":"https:\/\/laruecapatchwork.com\/mundo_patchwork\/monografico-de-pieceo-clasico-con-precortados-con-raquel-sueiras-amigo#webpage","url":"https:\/\/laruecapatchwork.com\/mundo_patchwork\/monografico-de-pieceo-clasico-con-precortados-con-raquel-sueiras-amigo","name":"Monogr\u00e1fico de Pieceo Clasico con Precortados | La Rueca Patchwork \u00b7 Su tienda de labores en Internet","description":"Monogr\u00e1fico de \"Pieceo Clasico con Precortados\" con Raquel Sueiras Amigo.","inLanguage":"es-ES","isPartOf":{"@id":"https:\/\/laruecapatchwork.com\/mundo_patchwork\/#website"},"breadcrumb":{"@id":"https:\/\/laruecapatchwork.com\/mundo_patchwork\/monografico-de-pieceo-clasico-con-precortados-con-raquel-sueiras-amigo#breadcrumblist"},"author":{"@id":"https:\/\/laruecapatchwork.com\/mundo_patchwork\/author\/administrador#author"},"creator":{"@id":"https:\/\/laruecapatchwork.com\/mundo_patchwork\/author\/administrador#author"},"datePublished":"2018-01-02T09:00:59+02:00","dateModified":"2018-01-18T01:47:39+02:00"},{"@type":"WebSite","@id":"https:\/\/laruecapatchwork.com\/mundo_patchwork\/#website","url":"https:\/\/laruecapatchwork.com\/mundo_patchwork\/","name":"La Rueca Patchwork \u00b7 Su tienda de labores en Internet","description":"Novedades del Mundo Patchwork","inLanguage":"es-ES","publisher":{"@id":"https:\/\/laruecapatchwork.com\/mundo_patchwork\/#organization"}}]},"og:locale":"es_ES","og:site_name":"La Rueca Patchwork \u00b7 Su tienda de labores en Internet | Novedades del Mundo Patchwork","og:type":"article","og:title":"Monogr\u00e1fico de Pieceo Clasico con Precortados | La Rueca Patchwork \u00b7 Su tienda de labores en Internet","og:description":"Monogr\u00e1fico de &quot;Pieceo Clasico con Precortados&quot; con Raquel Sueiras Amigo.","og:url":"https:\/\/laruecapatchwork.com\/mundo_patchwork\/monografico-de-pieceo-clasico-con-precortados-con-raquel-sueiras-amigo","article:published_time":"2018-01-02T07:00:59+00:00","article:modified_time":"2018-01-17T23:47:39+00:00","twitter:card":"summary","twitter:title":"Monogr\u00e1fico de Pieceo Clasico con Precortados | La Rueca Patchwork \u00b7 Su tienda de labores en Internet","twitter:description":"Monogr\u00e1fico de &quot;Pieceo Clasico con Precortados&quot; con Raquel Sueiras Amigo."},"aioseo_meta_data":{"post_id":"4201","title":"Monogr\u00e1fico de Pieceo Clasico con Precortados | #site_title","description":"Monogr\u00e1fico de &quot;Pieceo Clasico con Precortados&quot; con Raquel Sueiras Amigo.","keywords":null,"keyphrases":null,"primary_term":null,"canonical_url":null,"og_title":null,"og_description":null,"og_object_type":"default","og_image_type":"default","og_image_url":null,"og_image_width":null,"og_image_height":null,"og_image_custom_url":null,"og_image_custom_fields":null,"og_video":null,"og_custom_url":null,"og_article_section":null,"og_article_tags":null,"twitter_use_og":false,"twitter_card":"default","twitter_image_type":"default","twitter_image_url":null,"twitter_image_custom_url":null,"twitter_image_custom_fields":null,"twitter_title":null,"twitter_description":null,"schema":{"blockGraphs":[],"customGraphs":[],"default":{"data":{"Article":[],"Course":[],"Dataset":[],"FAQPage":[],"Movie":[],"Person":[],"Product":[],"ProductReview":[],"Car":[],"Recipe":[],"Service":[],"SoftwareApplication":[],"WebPage":[]},"graphName":"","isEnabled":true},"graphs":[]},"schema_type":null,"schema_type_options":null,"pillar_content":false,"robots_default":true,"robots_noindex":false,"robots_noarchive":false,"robots_nosnippet":false,"robots_nofollow":false,"robots_noimageindex":false,"robots_noodp":false,"robots_notranslate":false,"robots_max_snippet":null,"robots_max_videopreview":null,"robots_max_imagepreview":"large","priority":null,"frequency":null,"local_seo":null,"breadcrumb_settings":null,"limit_modified_date":false,"ai":null,"created":"2021-05-24 09:44:10","updated":"2025-07-18 20:20:58","seo_analyzer_scan_date":null},"aioseo_breadcrumb":"<div class=\"aioseo-breadcrumbs\"><span class=\"aioseo-breadcrumb\">\n\t\t\t<a href=\"https:\/\/laruecapatchwork.com\/mundo_patchwork\" title=\"Inicio\">Inicio<\/a>\n\t\t<\/span><span class=\"aioseo-breadcrumb-separator\">&raquo;<\/span><span class=\"aioseo-breadcrumb\">\n\t\t\t<a href=\"https:\/\/laruecapatchwork.com\/mundo_patchwork\/categoria\/eventos\" title=\"Eventos\">Eventos<\/a>\n\t\t<\/span><span class=\"aioseo-breadcrumb-separator\">&raquo;<\/span><span class=\"aioseo-breadcrumb\">\n\t\t\t<a href=\"https:\/\/laruecapatchwork.com\/mundo_patchwork\/categoria\/eventos\/monograficos\" title=\"Monogr\u00e1ficos\">Monogr\u00e1ficos<\/a>\n\t\t<\/span><span class=\"aioseo-breadcrumb-separator\">&raquo;<\/span><span class=\"aioseo-breadcrumb\">\n\t\t\tMonogr\u00e1fico de \u00abPieceo Clasico con Precortados\u00bb con Raquel Sueiras\n\t\t<\/span><\/div>","aioseo_breadcrumb_json":[{"label":"Inicio","link":"https:\/\/laruecapatchwork.com\/mundo_patchwork"},{"label":"Eventos","link":"https:\/\/laruecapatchwork.com\/mundo_patchwork\/categoria\/eventos"},{"label":"Monogr\u00e1ficos","link":"https:\/\/laruecapatchwork.com\/mundo_patchwork\/categoria\/eventos\/monograficos"},{"label":"Monogr\u00e1fico de \u00abPieceo Clasico con Precortados\u00bb con Raquel Sueiras","link":"https:\/\/laruecapatchwork.com\/mundo_patchwork\/monografico-de-pieceo-clasico-con-precortados-con-raquel-sueiras-amigo"}],"_links":{"self":[{"href":"https:\/\/laruecapatchwork.com\/mundo_patchwork\/wp-json\/wp\/v2\/posts\/4201","targetHints":{"allow":["GET"]}}],"collection":[{"href":"https:\/\/laruecapatchwork.com\/mundo_patchwork\/wp-json\/wp\/v2\/posts"}],"about":[{"href":"https:\/\/laruecapatchwork.com\/mundo_patchwork\/wp-json\/wp\/v2\/types\/post"}],"author":[{"embeddable":true,"href":"https:\/\/laruecapatchwork.com\/mundo_patchwork\/wp-json\/wp\/v2\/users\/3"}],"replies":[{"embeddable":true,"href":"https:\/\/laruecapatchwork.com\/mundo_patchwork\/wp-json\/wp\/v2\/comments?post=4201"}],"version-history":[{"count":0,"href":"https:\/\/laruecapatchwork.com\/mundo_patchwork\/wp-json\/wp\/v2\/posts\/4201\/revisions"}],"wp:attachment":[{"href":"https:\/\/laruecapatchwork.com\/mundo_patchwork\/wp-json\/wp\/v2\/media?parent=4201"}],"wp:term":[{"taxonomy":"category","embeddable":true,"href":"https:\/\/laruecapatchwork.com\/mundo_patchwork\/wp-json\/wp\/v2\/categories?post=4201"},{"taxonomy":"post_tag","embeddable":true,"href":"https:\/\/laruecapatchwork.com\/mundo_patchwork\/wp-json\/wp\/v2\/tags?post=4201"}],"curies":[{"name":"wp","href":"https:\/\/api.w.org\/{rel}","templated":true}]}}