{"id":4246,"date":"2018-01-16T09:00:14","date_gmt":"2018-01-16T07:00:14","guid":{"rendered":"http:\/\/www.laruecapatchwork.com\/mundo_patchwork\/?p=4246"},"modified":"2018-02-14T18:28:26","modified_gmt":"2018-02-14T16:28:26","slug":"taller-monografico-forrado-de-lamparas-con-eva-gustems","status":"publish","type":"post","link":"https:\/\/laruecapatchwork.com\/mundo_patchwork\/taller-monografico-forrado-de-lamparas-con-eva-gustems","title":{"rendered":"Taller Monogr\u00e1fico \u00abForrado de L\u00e1mparas\u00bb con Eva Gustems"},"content":{"rendered":"<p>&nbsp;<\/p>\n<h2 style=\"text-align: center;\"><em><strong>Domingo, 28 de Enero de 2.018<\/strong><\/em><\/h2>\n<p><strong>Taller: <span style=\"color: #ff0000;\">Forrado de L\u00e1mparas<\/span><\/strong><br \/>\n<strong>T\u00e9cnica: <span style=\"color: #ff0000;\">Decoraci\u00f3n de Pantallas para L\u00e1mparas<\/span><\/strong><br \/>\n<strong>Impartido por: <span style=\"color: #ff0000;\">Eva Gustems Moreno<\/span><\/strong><\/p>\n<p><strong>Plazas:<\/strong> entre 10 y 12 personas<br \/>\n<strong>Duraci\u00f3n:<\/strong> Ma\u00f1ana y Tarde de 10:00 a 18:00 h.<br \/>\n<strong>Dirigido a:<\/strong> Entusiastas de las Labores<\/p>\n<p><strong>Descripci\u00f3n:<\/strong><\/p>\n<p>En este Taller Monogr\u00e1fico, Eva nos ense\u00f1ar\u00e1 a confeccionar el patr\u00f3n de la l\u00e1mpara; el forrado lo podemos hacer con una sola tela o bien le pondremos una aplicaci\u00f3n, ense\u00f1\u00e1ndonos la forma m\u00e1s f\u00e1cil de montar la l\u00e1mpara. Una vez terminada, podremos crear y decorar nuestros propios dise\u00f1os.<\/p>\n<p>Todos los materiales estar\u00e1n disponibles en nuestra tienda, incluyendo las pantallas peque\u00f1as y grandes necesarias para realizar este proyecto, que os sorprender\u00e1 por ser una forma f\u00e1cil y entretenida, de decorar nuestro hogar con preciosas lamparas.<\/p>\n<p><img loading=\"lazy\" decoding=\"async\" class=\"aligncenter size-full wp-image-4235\" src=\"https:\/\/www.laruecapatchwork.com\/mundo_patchwork\/wp-content\/uploads\/2018\/01\/Tulipas.jpg\" alt=\"Pantallas de Lamparas\" width=\"640\" height=\"752\" srcset=\"https:\/\/laruecapatchwork.com\/mundo_patchwork\/wp-content\/uploads\/2018\/01\/Tulipas.jpg 640w, https:\/\/laruecapatchwork.com\/mundo_patchwork\/wp-content\/uploads\/2018\/01\/Tulipas-255x300.jpg 255w\" sizes=\"auto, (max-width: 640px) 100vw, 640px\" \/><\/p>\n<p>&nbsp;<\/p>\n<h2 style=\"text-align: center;\"><em><strong>Caracter\u00edsticas e Inscripci\u00f3n<\/strong><\/em><\/h2>\n<p>El Curso ser\u00e1 de Ma\u00f1ana y tarde en horario de 10:00 a 18:00 h. con una pausa para comer.<\/p>\n<p>Los curso ser\u00e1 presencial e impartido en nuestras instalaciones situadas en la Avenida de Finisterre n\u00ba 15-17 de La Coru\u00f1a.<\/p>\n<p>La inscripci\u00f3n al Monogr\u00e1fico, debe realizarse en nuestra tienda de la Avda. Finisterre 15-17, llamado al n\u00famero de tel\u00e9fono 881 967 498 o contactando por whatsapp al 650 273 088.<\/p>\n<p>El n\u00famero de plazas es limitado y la reserva ser\u00e1 por orden de inscripci\u00f3n previo pago.<\/p>\n<p>Os esperamos &#8230;!!!<\/p>\n<h2 style=\"text-align: center;\"><em><strong>Eva Gustems Moreno<\/strong><\/em><\/h2>\n<table>\n<tbody>\n<tr>\n<td align=\"justify\" valign=\"top\" width=\"33%\"><img decoding=\"async\" class=\"alignleft\" src=\"https:\/\/www.laruecapatchwork.com\/mundo_patchwork\/wp-content\/uploads\/2018\/01\/Eva-Gustems.jpg\" alt=\"Eva Gustems Moreno\" \/><\/td>\n<td align=\"justify\" valign=\"top\" width=\"2%\"><\/td>\n<td align=\"justify\" valign=\"top\" width=\"65%\">\n<p>Eva Gustems Moreno, es una profesional reconocida internacionalmente, por su creatividad y sus t\u00e9cnicas en el mundo del Patchwork.<\/p>\n<p>Durante el Festival Internacional de Sitges en 2007, Eva inici\u00f3 con gran \u00e9xito su actividad comercial, aunque su actividad pedag\u00f3gica y creativa, comenz\u00f3 a\u00f1os antes, creando arte adaptado al Patchwork.<\/p>\n<p>Como maestra en m\u00faltiples labores y t\u00e9cnicas, Eva Gustems re\u00fane todas las cualidades y capacidades necesarias para satisfacer a l@s alumn@s m\u00e1s exigentes.<\/p>\n<p>Sus alumn@s y amig@s, destacan su car\u00e1cter, creatividad, capacidad de ense\u00f1anza, y profesionalidad, sorprendi\u00e9ndonos siempre que visita nuestra tienda en la Coru\u00f1a.<\/td>\n<\/tr>\n<\/tbody>\n<\/table>\n","protected":false},"excerpt":{"rendered":"<p>Domingo, 28 de Enero 2018<br \/>\nOs esperamos &#8230;!<\/p>\n","protected":false},"author":3,"featured_media":0,"comment_status":"closed","ping_status":"closed","sticky":false,"template":"","format":"standard","meta":{"_exactmetrics_skip_tracking":false,"_exactmetrics_sitenote_active":false,"_exactmetrics_sitenote_note":"","_exactmetrics_sitenote_category":0,"footnotes":""},"categories":[5,24],"tags":[482,591,525,587,588,590,589],"class_list":["post-4246","post","type-post","status-publish","format-standard","hentry","category-mundo-patchwork","category-talleres","tag-decoracion","tag-estampado","tag-eva-gustems","tag-forrado","tag-lamparas","tag-pantallas","tag-tulipas"],"aioseo_notices":[],"_links":{"self":[{"href":"https:\/\/laruecapatchwork.com\/mundo_patchwork\/wp-json\/wp\/v2\/posts\/4246","targetHints":{"allow":["GET"]}}],"collection":[{"href":"https:\/\/laruecapatchwork.com\/mundo_patchwork\/wp-json\/wp\/v2\/posts"}],"about":[{"href":"https:\/\/laruecapatchwork.com\/mundo_patchwork\/wp-json\/wp\/v2\/types\/post"}],"author":[{"embeddable":true,"href":"https:\/\/laruecapatchwork.com\/mundo_patchwork\/wp-json\/wp\/v2\/users\/3"}],"replies":[{"embeddable":true,"href":"https:\/\/laruecapatchwork.com\/mundo_patchwork\/wp-json\/wp\/v2\/comments?post=4246"}],"version-history":[{"count":0,"href":"https:\/\/laruecapatchwork.com\/mundo_patchwork\/wp-json\/wp\/v2\/posts\/4246\/revisions"}],"wp:attachment":[{"href":"https:\/\/laruecapatchwork.com\/mundo_patchwork\/wp-json\/wp\/v2\/media?parent=4246"}],"wp:term":[{"taxonomy":"category","embeddable":true,"href":"https:\/\/laruecapatchwork.com\/mundo_patchwork\/wp-json\/wp\/v2\/categories?post=4246"},{"taxonomy":"post_tag","embeddable":true,"href":"https:\/\/laruecapatchwork.com\/mundo_patchwork\/wp-json\/wp\/v2\/tags?post=4246"}],"curies":[{"name":"wp","href":"https:\/\/api.w.org\/{rel}","templated":true}]}}