{"id":4289,"date":"2018-02-14T09:00:36","date_gmt":"2018-02-14T07:00:36","guid":{"rendered":"http:\/\/www.laruecapatchwork.com\/mundo_patchwork\/?p=4289"},"modified":"2018-06-01T15:51:53","modified_gmt":"2018-06-01T13:51:53","slug":"taller-monografico-tecnica-de-chenilla-con-raquel-sueiras","status":"publish","type":"post","link":"https:\/\/laruecapatchwork.com\/mundo_patchwork\/taller-monografico-tecnica-de-chenilla-con-raquel-sueiras","title":{"rendered":"Taller Monogr\u00e1fico \u00abT\u00e9cnica de Chenilla\u00bb con Raquel Sueiras"},"content":{"rendered":"<p>&nbsp;<\/p>\n<h2 style=\"text-align: center;\"><em><strong>S\u00e1bado, 3 de Marzo de 2.018<\/strong><\/em><\/h2>\n<p><strong>Taller: <span style=\"color: #ff0000;\">Monogr\u00e1fico Bolso de Chenilla<\/span><\/strong><br \/>\n<strong>T\u00e9cnica: <span style=\"color: #ff0000;\"><b>Chenilla con Franelas<\/b><\/span><\/strong><br \/>\n<strong>Impartido por: <span style=\"color: #ff0000;\">Raquel Sueiras<\/span><\/strong><\/p>\n<p><strong>Plazas:<\/strong> entre 10 y 12 personas por grupo<br \/>\n<strong>Duraci\u00f3n:<\/strong> 4 horas, en 2 grupos de Ma\u00f1ana y Tarde<br \/>\n<strong>Dirigido a:<\/strong> todos los entusiastas del patchwork<\/p>\n<p><strong>Descripci\u00f3n:<\/strong><\/p>\n<p>En este monogr\u00e1fico os ense\u00f1aremos a confeccionar con la \u00abT\u00e9cnica de Chenilla\u00bb; una t\u00e9cnica muy sencilla de realizar y con un acabado muy atractivo. Cada pieza confeccionada, quedar\u00e1 diferente de cualquier otra y no veremos el resultado hasta el final del trabajo. <\/p>\n<p>Para la confecci\u00f3n del Bolso que os proponemos, utilizaremos distintas telas de Franela, que nos ofrecen un efecto y un acabado singular en este tipo de trabajos.<\/p>\n<p>Esta t\u00e9cnica sorprender\u00e1 por ser una forma sencilla, diferente y entretenida, de hacer Ropa o Complementos como el Bolso de la imagen.<\/p>\n<p>&nbsp;<br \/>\n<img loading=\"lazy\" decoding=\"async\" class=\"aligncenter size-full wp-image-4294\" src=\"https:\/\/www.laruecapatchwork.com\/mundo_patchwork\/wp-content\/uploads\/2018\/02\/Bolso-Chenilla.jpg\" alt=\"Bolso Chenilla\" width=\"640\" height=\"608\" srcset=\"https:\/\/laruecapatchwork.com\/mundo_patchwork\/wp-content\/uploads\/2018\/02\/Bolso-Chenilla.jpg 640w, https:\/\/laruecapatchwork.com\/mundo_patchwork\/wp-content\/uploads\/2018\/02\/Bolso-Chenilla-300x285.jpg 300w\" sizes=\"auto, (max-width: 640px) 100vw, 640px\" \/><\/p>\n<h2 style=\"text-align: center;\"><em><strong>Caracter\u00edsticas e Inscripci\u00f3n<\/strong><\/em><\/h2>\n<p>El Curso de Ma\u00f1ana ser\u00e1 de 10:00 a 14:00 h.<br \/>\nEl Curso de Tarde ser\u00e1 de 16:00 a 20:00 h.<\/p>\n<p>Los cursos ser\u00e1n presenciales e impartidos en nuestras instalaciones situadas en la Avenida de Finisterre n\u00ba 15-17 de La Coru\u00f1a.<\/p>\n<p>La inscripci\u00f3n y reserva al Monogr\u00e1fico, debe realizarse en nuestra tienda de la Avda. Finisterre 15-17, o llamado al n\u00famero de tel\u00e9fono 881 967 498, donde tambi\u00e9n os ofreceremos m\u00e1s informaci\u00f3n sobre este taller.<\/p>\n<p>El n\u00famero de plazas es limitado y la reserva ser\u00e1 por orden de inscripci\u00f3n previo pago.<\/p>\n<p>Os esperamos &#8230;!!!<\/p>\n<h2 style=\"text-align: center;\"><em><strong>Raquel Sueiras Amigo<\/strong><\/em><\/h2>\n<table>\n<tbody>\n<tr>\n<td align=\"justify\" valign=\"top\" width=\"33%\"><img decoding=\"async\" class=\"alignleft\" src=\"https:\/\/www.laruecapatchwork.com\/mundo_patchwork\/wp-content\/uploads\/2017\/09\/Raquel-Sueiras-Amigo.jpg\" alt=\"Raquel Sueiras Amigo\" \/><\/td>\n<td align=\"justify\" valign=\"top\" width=\"2%\"><\/td>\n<td align=\"justify\" valign=\"top\" width=\"65%\">\n<p>Raquel Sueiras Amigo, es propietaria de La Rueca Patchwork y maestra en m\u00faltiples labores y t\u00e9cnicas.<\/p>\n<p>Como responsable de las clases de Patchwork, re\u00fane todas las cualidades y capacidades necesarias para satisfacer a l@s alumn@s m\u00e1s exigentes.<\/p>\n<p>Sus alumn@s y amig@s, destacan su car\u00e1cter, capaz de crear calma y armon\u00eda en todas sus clases; su capacidad de ense\u00f1anza, avalada por la infinidad de trabajos realizados por sus alumn@s y las profesoras que permanentemente se forman bajo su tutela; y su profesionalidad, demostrada d\u00eda a d\u00eda en la forma de transmitir soluciones a sus alumn@s, ante cualquier reto que se presente.<\/td>\n<\/tr>\n<\/tbody>\n<\/table>\n","protected":false},"excerpt":{"rendered":"<p>S\u00e1bado,  3 de Marzo 2018<br \/>\nOs esperamos &#8230;!<\/p>\n","protected":false},"author":3,"featured_media":0,"comment_status":"closed","ping_status":"closed","sticky":false,"template":"","format":"standard","meta":{"_exactmetrics_skip_tracking":false,"_exactmetrics_sitenote_active":false,"_exactmetrics_sitenote_note":"","_exactmetrics_sitenote_category":0,"footnotes":""},"categories":[23,5],"tags":[598,597,599,127],"class_list":["post-4289","post","type-post","status-publish","format-standard","hentry","category-monograficos","category-mundo-patchwork","tag-bolsos","tag-chenilla","tag-complementos","tag-raquel-sueiras"],"aioseo_notices":[],"_links":{"self":[{"href":"https:\/\/laruecapatchwork.com\/mundo_patchwork\/wp-json\/wp\/v2\/posts\/4289","targetHints":{"allow":["GET"]}}],"collection":[{"href":"https:\/\/laruecapatchwork.com\/mundo_patchwork\/wp-json\/wp\/v2\/posts"}],"about":[{"href":"https:\/\/laruecapatchwork.com\/mundo_patchwork\/wp-json\/wp\/v2\/types\/post"}],"author":[{"embeddable":true,"href":"https:\/\/laruecapatchwork.com\/mundo_patchwork\/wp-json\/wp\/v2\/users\/3"}],"replies":[{"embeddable":true,"href":"https:\/\/laruecapatchwork.com\/mundo_patchwork\/wp-json\/wp\/v2\/comments?post=4289"}],"version-history":[{"count":0,"href":"https:\/\/laruecapatchwork.com\/mundo_patchwork\/wp-json\/wp\/v2\/posts\/4289\/revisions"}],"wp:attachment":[{"href":"https:\/\/laruecapatchwork.com\/mundo_patchwork\/wp-json\/wp\/v2\/media?parent=4289"}],"wp:term":[{"taxonomy":"category","embeddable":true,"href":"https:\/\/laruecapatchwork.com\/mundo_patchwork\/wp-json\/wp\/v2\/categories?post=4289"},{"taxonomy":"post_tag","embeddable":true,"href":"https:\/\/laruecapatchwork.com\/mundo_patchwork\/wp-json\/wp\/v2\/tags?post=4289"}],"curies":[{"name":"wp","href":"https:\/\/api.w.org\/{rel}","templated":true}]}}