{"id":4559,"date":"2018-06-21T09:00:10","date_gmt":"2018-06-21T07:00:10","guid":{"rendered":"http:\/\/www.laruecapatchwork.com\/mundo_patchwork\/?p=4559"},"modified":"2018-07-04T17:26:53","modified_gmt":"2018-07-04T15:26:53","slug":"taller-monografico-lineas-convergentes-con-raquel-sueiras","status":"publish","type":"post","link":"https:\/\/laruecapatchwork.com\/mundo_patchwork\/taller-monografico-lineas-convergentes-con-raquel-sueiras","title":{"rendered":"Taller Monogr\u00e1fico  \u00abL\u00edneas Convergentes\u00bb con Raquel Sueiras"},"content":{"rendered":"<p>&nbsp;<\/p>\n<h2 style=\"text-align: center;\"><em><strong>Lunes, 2 de Julio de 2.018<\/strong><\/em><\/h2>\n<p><strong>Taller: <span style=\"color: #ff0000;\">Monogr\u00e1fico L\u00edneas Convergentes<\/span><\/strong><br \/>\n<strong>T\u00e9cnica: <span style=\"color: #ff0000;\">Ricky Tims<\/span><\/strong><br \/>\n<strong>Impartido por: <span style=\"color: #ff0000;\">Raquel Sueiras<\/span><\/strong><\/p>\n<p><strong>Plazas:<\/strong> entre 10 y 12 personas por grupo<br \/>\n<strong>Duraci\u00f3n:<\/strong> 4 horas, en 2 grupos de Ma\u00f1ana y Tarde<br \/>\n<strong>Dirigido a:<\/strong> todos los entusiastas del patchwork<\/p>\n<p><strong>Descripci\u00f3n:<\/strong><\/p>\n<p>En este monogr\u00e1fico os ense\u00f1aremos la imaginativa T\u00e9cnica de Lineas Convergentes desarrollada por Ricky Tims, para confeccionar Quilts mediante telas en lineas convergentes, sencillos de realizar y con un acabado muy atractivo. <\/p>\n<p>Para la confecci\u00f3n del Quilt, utilizaremos distintas telas de patchwork de colores singulares, que nos ofrezcan un efecto y un acabado \u00fanico de cualquier otra, obteniendo un trabajo final que lucir\u00e1 por su efecto convergente.<\/p>\n<p>Esta t\u00e9cnica os gustar\u00e1 por ser una forma sencilla y entretenida, de realizar edredones, colchas y otros elementos que decorar\u00e1n vuestro hogar.<\/p>\n<p><img loading=\"lazy\" decoding=\"async\" class=\"aligncenter size-full wp-image-4564\" src=\"https:\/\/www.laruecapatchwork.com\/mundo_patchwork\/wp-content\/uploads\/2018\/06\/Ricky-Tims-Lineas-Convergentes-Raquel-Sueiras-1.jpg\" alt=\"Lineas Convergentes\" width=\"640\" height=\"634\" srcset=\"https:\/\/laruecapatchwork.com\/mundo_patchwork\/wp-content\/uploads\/2018\/06\/Ricky-Tims-Lineas-Convergentes-Raquel-Sueiras-1.jpg 640w, https:\/\/laruecapatchwork.com\/mundo_patchwork\/wp-content\/uploads\/2018\/06\/Ricky-Tims-Lineas-Convergentes-Raquel-Sueiras-1-150x150.jpg 150w, https:\/\/laruecapatchwork.com\/mundo_patchwork\/wp-content\/uploads\/2018\/06\/Ricky-Tims-Lineas-Convergentes-Raquel-Sueiras-1-300x297.jpg 300w\" sizes=\"auto, (max-width: 640px) 100vw, 640px\" \/><\/p>\n<h2 style=\"text-align: center;\"><em><strong>Caracter\u00edsticas e Inscripci\u00f3n<\/strong><\/em><\/h2>\n<p>El Curso de Ma\u00f1ana ser\u00e1 de 10:00 a 14:00 h.<br \/>\nEl Curso de Tarde ser\u00e1 de 17:00 a 21:00 h.<\/p>\n<p>Los cursos ser\u00e1n presenciales e impartidos en nuestras instalaciones situadas en la Avenida de Finisterre n\u00ba 15-17 de La Coru\u00f1a.<\/p>\n<p>La inscripci\u00f3n y reserva al Monogr\u00e1fico, debe realizarse en nuestra tienda de la Avda. Finisterre 15-17, o llamado al n\u00famero de tel\u00e9fono 881 967 498, donde tambi\u00e9n os ofreceremos m\u00e1s informaci\u00f3n sobre este taller.<\/p>\n<p>El n\u00famero de plazas es limitado y la reserva ser\u00e1 por orden de inscripci\u00f3n previo pago.<\/p>\n<p>Os esperamos &#8230;!!!<\/p>\n<h2 style=\"text-align: center;\"><em><strong>Raquel Sueiras Amigo<\/strong><\/em><\/h2>\n<table>\n<tbody>\n<tr>\n<td align=\"justify\" valign=\"top\" width=\"33%\"><img decoding=\"async\" class=\"alignleft\" src=\"https:\/\/www.laruecapatchwork.com\/mundo_patchwork\/wp-content\/uploads\/2017\/09\/Raquel-Sueiras-Amigo.jpg\" alt=\"Raquel Sueiras Amigo\" \/><\/td>\n<td align=\"justify\" valign=\"top\" width=\"2%\"><\/td>\n<td align=\"justify\" valign=\"top\" width=\"65%\">\n<p>Raquel Sueiras Amigo, es propietaria de La Rueca Patchwork y maestra en m\u00faltiples labores y t\u00e9cnicas.<\/p>\n<p>Como responsable de las clases de Patchwork, re\u00fane todas las cualidades y capacidades necesarias para satisfacer a l@s alumn@s m\u00e1s exigentes.<\/p>\n<p>Sus alumn@s y amig@s, destacan su car\u00e1cter, capaz de crear calma y armon\u00eda en todas sus clases; su capacidad de ense\u00f1anza, avalada por la infinidad de trabajos realizados por sus alumn@s y las profesoras que permanentemente se forman bajo su tutela; y su profesionalidad, demostrada d\u00eda a d\u00eda en la forma de transmitir soluciones a sus alumn@s, ante cualquier reto que se presente.<\/td>\n<\/tr>\n<\/tbody>\n<\/table>\n","protected":false},"excerpt":{"rendered":"<p>Lunes, 2 de Julio de 2018<br \/>\nOs esperamos &#8230;!<\/p>\n","protected":false},"author":3,"featured_media":0,"comment_status":"closed","ping_status":"closed","sticky":false,"template":"","format":"standard","meta":{"_exactmetrics_skip_tracking":false,"_exactmetrics_sitenote_active":false,"_exactmetrics_sitenote_note":"","_exactmetrics_sitenote_category":0,"footnotes":""},"categories":[23,5],"tags":[619,618,381,8,16,127,427],"class_list":["post-4559","post","type-post","status-publish","format-standard","hentry","category-monograficos","category-mundo-patchwork","tag-colchas","tag-edredones","tag-lineas-convergentes","tag-patchwork","tag-quilts","tag-raquel-sueiras","tag-ricky-tims"],"aioseo_notices":[],"_links":{"self":[{"href":"https:\/\/laruecapatchwork.com\/mundo_patchwork\/wp-json\/wp\/v2\/posts\/4559","targetHints":{"allow":["GET"]}}],"collection":[{"href":"https:\/\/laruecapatchwork.com\/mundo_patchwork\/wp-json\/wp\/v2\/posts"}],"about":[{"href":"https:\/\/laruecapatchwork.com\/mundo_patchwork\/wp-json\/wp\/v2\/types\/post"}],"author":[{"embeddable":true,"href":"https:\/\/laruecapatchwork.com\/mundo_patchwork\/wp-json\/wp\/v2\/users\/3"}],"replies":[{"embeddable":true,"href":"https:\/\/laruecapatchwork.com\/mundo_patchwork\/wp-json\/wp\/v2\/comments?post=4559"}],"version-history":[{"count":0,"href":"https:\/\/laruecapatchwork.com\/mundo_patchwork\/wp-json\/wp\/v2\/posts\/4559\/revisions"}],"wp:attachment":[{"href":"https:\/\/laruecapatchwork.com\/mundo_patchwork\/wp-json\/wp\/v2\/media?parent=4559"}],"wp:term":[{"taxonomy":"category","embeddable":true,"href":"https:\/\/laruecapatchwork.com\/mundo_patchwork\/wp-json\/wp\/v2\/categories?post=4559"},{"taxonomy":"post_tag","embeddable":true,"href":"https:\/\/laruecapatchwork.com\/mundo_patchwork\/wp-json\/wp\/v2\/tags?post=4559"}],"curies":[{"name":"wp","href":"https:\/\/api.w.org\/{rel}","templated":true}]}}