{"id":4841,"date":"2019-06-24T09:00:05","date_gmt":"2019-06-24T07:00:05","guid":{"rendered":"https:\/\/www.laruecapatchwork.com\/mundo_patchwork\/?p=4841"},"modified":"2019-07-05T11:56:03","modified_gmt":"2019-07-05T09:56:03","slug":"monografico-log-cabin-3d-con-raquel-sueiras","status":"publish","type":"post","link":"https:\/\/laruecapatchwork.com\/mundo_patchwork\/monografico-log-cabin-3d-con-raquel-sueiras","title":{"rendered":"Monogr\u00e1fico \u00abLog Cabin 3D\u00bb con Raquel Sueiras"},"content":{"rendered":"\n<h2 class=\"wp-block-heading\" style=\"text-align:center\">Lunes, 1 de Julio de 2019<\/h2>\n\n\n<p><strong>Taller: <span style=\"color: #ff0000;\">Monogr\u00e1fico Log Cabin 3D<\/span><\/strong><br><strong>T\u00e9cnica: <span style=\"color: #ff0000;\">Log Cabin con Precortados Jelly Roll<\/span><\/strong><br><strong>Impartido por: <span style=\"color: #ff0000;\">Raquel Sueiras<\/span><\/strong><\/p>\n<p><strong>Plazas:<\/strong> entre 10 y 12 personas por grupo<br><strong>Duraci\u00f3n:<\/strong> 4 horas, en horario de 17:00 a 21:00 h<br><strong>Dirigido a:<\/strong> todos los entusiastas del Patchwork<\/p>\n<p><strong>Descripci\u00f3n:<\/strong><\/p>\n<p>El Log Cabin o Caba\u00f1a de troncos, es un cl\u00e1sico de las t\u00e9cnicas de Patchwork, sab\u00e9is que trabajamos con tiras de telas, que son las que dar\u00e1n forma a los troncos de la caba\u00f1a y que el cuadrado del centro es el que nos indica el calor del hogar, como puede ser la chimenea.<\/p>\n<p>En este monogr\u00e1fico ense\u00f1aremos a confeccionar un&nbsp; Log Cabin 3D,&nbsp; es una forma completamente diferente de hacerlo, porque necesitamos conseguir ese efecto 3D, para lo cual utilizaremos un precortado Jelly&nbsp; Roll.<\/p>\n<p>Confeccionar tapetes, fundas para cojines y otras muchas labores con esta t\u00e9cnica, os sorprender\u00e1 por ser una forma f\u00e1cil, diferente, entretenida de trabajar y de obtener resultado muy atractivo.<\/p>\n\n\n<figure class=\"wp-block-image\"><img loading=\"lazy\" decoding=\"async\" width=\"768\" height=\"1024\" src=\"https:\/\/www.laruecapatchwork.com\/mundo_patchwork\/wp-content\/uploads\/2019\/06\/Log-Cabin-3D-768x1024.jpg\" alt=\"\" class=\"wp-image-4850\" srcset=\"https:\/\/laruecapatchwork.com\/mundo_patchwork\/wp-content\/uploads\/2019\/06\/Log-Cabin-3D.jpg 768w, https:\/\/laruecapatchwork.com\/mundo_patchwork\/wp-content\/uploads\/2019\/06\/Log-Cabin-3D-225x300.jpg 225w\" sizes=\"auto, (max-width: 768px) 100vw, 768px\" \/><\/figure>\n\n\n<h2 style=\"text-align: center;\"><em><strong>Caracter\u00edsticas e Inscripci\u00f3n<\/strong><\/em><\/h2>\n<p>El Curso ser\u00e1 de Tarde en horario de 17:00 a 21:00 h., presencial e impartido en nuestras instalaciones situadas en la Avenida de Finisterre n\u00ba 15-17 de La Coru\u00f1a.<\/p>\n<p>La inscripci\u00f3n y reserva al Monogr\u00e1fico, debe realizarse en nuestra tienda de la Avda. Finisterre 15-17, o llamado al n\u00famero de tel\u00e9fono 881 967 498, donde tambi\u00e9n os ofreceremos m\u00e1s informaci\u00f3n sobre este taller.<\/p>\n<p>El n\u00famero de plazas es limitado y la reserva ser\u00e1 por orden de inscripci\u00f3n previo pago.<\/p>\n<p>Os esperamos &#8230;!!!<\/p>\n<h2 style=\"text-align: center;\"><em><strong>Raquel Sueiras Amigo<\/strong><\/em><\/h2>\n<table>\n<tbody>\n<tr>\n<td width=\"33%\" align=\"justify\" valign=\"top\"><img decoding=\"async\" class=\"alignleft\" alt=\"Raquel Sueiras Amigo\" src=\"https:\/\/www.laruecapatchwork.com\/mundo_patchwork\/wp-content\/uploads\/2017\/09\/Raquel-Sueiras-Amigo.jpg\"><\/td>\n<td width=\"2%\" align=\"justify\" valign=\"top\">&nbsp;<\/td>\n<td width=\"65%\" align=\"justify\" valign=\"top\">\n<p>Raquel Sueiras Amigo, es propietaria de La Rueca Patchwork y maestra en m\u00faltiples labores y t\u00e9cnicas.<\/p>\n<p>Como responsable de las clases de Patchwork, re\u00fane todas las cualidades y capacidades necesarias para satisfacer a l@s alumn@s m\u00e1s exigentes.<\/p>\n<p>Sus alumn@s y amig@s, destacan su car\u00e1cter, capaz de crear calma y armon\u00eda en todas sus clases; su capacidad de ense\u00f1anza, avalada por la infinidad de trabajos realizados por sus alumn@s y las profesoras que permanentemente se forman bajo su tutela; y su profesionalidad, demostrada d\u00eda a d\u00eda en la forma de transmitir soluciones a sus alumn@s, ante cualquier reto que se presente.<\/p>\n<\/td>\n<\/tr>\n<\/tbody>\n<\/table>","protected":false},"excerpt":{"rendered":"<p>Lunes 1 de Julio de 2019<br \/>\nOs esperamos &#8230;!<\/p>\n","protected":false},"author":3,"featured_media":0,"comment_status":"closed","ping_status":"closed","sticky":false,"template":"","format":"standard","meta":{"_exactmetrics_skip_tracking":false,"_exactmetrics_sitenote_active":false,"_exactmetrics_sitenote_note":"","_exactmetrics_sitenote_category":0,"footnotes":""},"categories":[23,5],"tags":[637,21,31],"class_list":["post-4841","post","type-post","status-publish","format-standard","hentry","category-monograficos","category-mundo-patchwork","tag-cabana-de-troncos","tag-jelly-roll","tag-log-cabin"],"aioseo_notices":[],"_links":{"self":[{"href":"https:\/\/laruecapatchwork.com\/mundo_patchwork\/wp-json\/wp\/v2\/posts\/4841","targetHints":{"allow":["GET"]}}],"collection":[{"href":"https:\/\/laruecapatchwork.com\/mundo_patchwork\/wp-json\/wp\/v2\/posts"}],"about":[{"href":"https:\/\/laruecapatchwork.com\/mundo_patchwork\/wp-json\/wp\/v2\/types\/post"}],"author":[{"embeddable":true,"href":"https:\/\/laruecapatchwork.com\/mundo_patchwork\/wp-json\/wp\/v2\/users\/3"}],"replies":[{"embeddable":true,"href":"https:\/\/laruecapatchwork.com\/mundo_patchwork\/wp-json\/wp\/v2\/comments?post=4841"}],"version-history":[{"count":0,"href":"https:\/\/laruecapatchwork.com\/mundo_patchwork\/wp-json\/wp\/v2\/posts\/4841\/revisions"}],"wp:attachment":[{"href":"https:\/\/laruecapatchwork.com\/mundo_patchwork\/wp-json\/wp\/v2\/media?parent=4841"}],"wp:term":[{"taxonomy":"category","embeddable":true,"href":"https:\/\/laruecapatchwork.com\/mundo_patchwork\/wp-json\/wp\/v2\/categories?post=4841"},{"taxonomy":"post_tag","embeddable":true,"href":"https:\/\/laruecapatchwork.com\/mundo_patchwork\/wp-json\/wp\/v2\/tags?post=4841"}],"curies":[{"name":"wp","href":"https:\/\/api.w.org\/{rel}","templated":true}]}}