{"id":5005,"date":"2020-01-13T09:00:37","date_gmt":"2020-01-13T07:00:37","guid":{"rendered":"https:\/\/www.laruecapatchwork.com\/mundo_patchwork\/?p=5005"},"modified":"2020-02-01T20:30:54","modified_gmt":"2020-02-01T18:30:54","slug":"taller-monografico-cuencos-de-tela-por-eva-gustems","status":"publish","type":"post","link":"https:\/\/laruecapatchwork.com\/mundo_patchwork\/taller-monografico-cuencos-de-tela-por-eva-gustems","title":{"rendered":"Taller monogr\u00e1fico \u00abCuencos de Tela\u00bb por Eva Gustems"},"content":{"rendered":"<p><\/p>\n<h2 style=\"text-align: center;\"><em><strong>Sabado, 25 de Enero de 2.020<\/strong><\/em><\/h2>\n\n\n<p><strong>Taller: <span style=\"color: #ff0000;\">Cuencos de Tela<\/span><\/strong><br><strong>T\u00e9cnica: <span style=\"color: #ff0000;\">Decoraci\u00f3n de Cuencos<\/span><\/strong><br><strong>Impartido por: <span style=\"color: #ff0000;\">Eva Gustems Moreno<\/span><\/strong><\/p>\n\n\n\n<p><strong>Plazas:<\/strong> entre 10 y 12 personas<br><strong>Duraci\u00f3n:<\/strong> Ma\u00f1ana y Tarde de 10:00 a 18:00 h.<br><strong>Dirigido a:<\/strong> Entusiastas de las Labores<\/p>\n\n\n\n<p><strong>Descripci\u00f3n:<\/strong><\/p>\n\n\n\n<p>En este Taller Monogr\u00e1fico, Eva nos ense\u00f1ar\u00e1 a c\u00f3mo realizar el patr\u00f3n de los cuencos y coseremos uno o dos modelos de diferente tama\u00f1o. <\/p>\n\n\n\n<p>Todos los materiales podr\u00e1n ser adquiridos en nuestra tienda.<\/p>\n\n\n\n<p>Este proyecto os sorprender\u00e1 por ser una forma f\u00e1cil y entretenida, de decorar nuestro hogar con precioso cuencos.<\/p>\n\n\n\n<figure class=\"wp-block-image size-large is-resized\"><img loading=\"lazy\" decoding=\"async\" src=\"https:\/\/www.laruecapatchwork.com\/mundo_patchwork\/wp-content\/uploads\/2020\/01\/Cuenco-de-Tela-1024x750.png\" alt=\"Cuencos de Tela por Eva Gustems\" class=\"wp-image-5008\" width=\"768\" height=\"563\" srcset=\"https:\/\/laruecapatchwork.com\/mundo_patchwork\/wp-content\/uploads\/2020\/01\/Cuenco-de-Tela-1024x750.png 1024w, https:\/\/laruecapatchwork.com\/mundo_patchwork\/wp-content\/uploads\/2020\/01\/Cuenco-de-Tela-300x220.png 300w, https:\/\/laruecapatchwork.com\/mundo_patchwork\/wp-content\/uploads\/2020\/01\/Cuenco-de-Tela-768x562.png 768w, https:\/\/laruecapatchwork.com\/mundo_patchwork\/wp-content\/uploads\/2020\/01\/Cuenco-de-Tela.png 1094w\" sizes=\"auto, (max-width: 768px) 100vw, 768px\" \/><\/figure>\n\n\n\n<p> <\/p>\n<h2 style=\"text-align: center;\"><em><strong>Caracter\u00edsticas e Inscripci\u00f3n<\/strong><\/em><\/h2>\n\n\n\n<p>El taller se realizar\u00e1 el pr\u00f3ximo S\u00e1bado, 25 de Enero de 2.020 en horario de ma\u00f1ana y tarde, de 10:00 a 18:00 h. con una pausa para comer.<\/p>\n\n\n\n<p>El curso ser\u00e1 presencial e impartido en nuestras instalaciones situadas en la Avenida de Finisterre n\u00ba 15-17 de La Coru\u00f1a.<\/p>\n\n\n\n<p>La inscripci\u00f3n y reserva al Monogr\u00e1fico, debe realizarse en nuestra tienda de la Avda. Finisterre 15-17, o llamado al n\u00famero de tel\u00e9fono 881 967 498, donde tambi\u00e9n os ofreceremos m\u00e1s informaci\u00f3n sobre este taller. El n\u00famero de plazas es limitado y la reserva ser\u00e1 por orden de inscripci\u00f3n previo pago.<\/p>\n\n\n\n<p>Os esperamos &#8230;!!!<\/p>\n\n\n\n<h2 style=\"text-align: center;\"><em><strong>Eva Gustems Moreno<\/strong><\/em><\/h2>\n<table>\n<tbody>\n<tr>\n<td width=\"33%\" align=\"justify\" valign=\"top\"><img decoding=\"async\" class=\"alignleft\" alt=\"Eva Gustems Moreno\" src=\"https:\/\/www.laruecapatchwork.com\/mundo_patchwork\/wp-content\/uploads\/2018\/01\/Eva-Gustems.jpg\"><\/td>\n<td width=\"2%\" align=\"justify\" valign=\"top\"> <\/td>\n<td width=\"65%\" align=\"justify\" valign=\"top\">\n<p>Eva Gustems Moreno, es una profesional reconocida internacionalmente, por su creatividad y sus t\u00e9cnicas en el mundo del Patchwork.<\/p>\n<p>Durante el Festival Internacional de Sitges en 2007, Eva inici\u00f3 con gran \u00e9xito su actividad comercial, aunque su actividad pedag\u00f3gica y creativa, comenz\u00f3 a\u00f1os antes, creando arte adaptado al Patchwork.<\/p>\n<p>Como maestra en m\u00faltiples labores y t\u00e9cnicas, Eva Gustems re\u00fane todas las cualidades y capacidades necesarias para satisfacer a l@s alumn@s m\u00e1s exigentes.<\/p>\n<p>Sus alumn@s y amig@s, destacan su car\u00e1cter, creatividad, capacidad de ense\u00f1anza, y profesionalidad, sorprendi\u00e9ndonos siempre que visita nuestra tienda en la Coru\u00f1a.<\/p>\n<\/td>\n<\/tr>\n<\/tbody>\n<\/table>\n","protected":false},"excerpt":{"rendered":"<p>Sabado, 25 de Enero 2020<br \/>\nOs esperamos &#8230;!<\/p>\n","protected":false},"author":3,"featured_media":0,"comment_status":"closed","ping_status":"closed","sticky":false,"template":"","format":"standard","meta":{"_exactmetrics_skip_tracking":false,"_exactmetrics_sitenote_active":false,"_exactmetrics_sitenote_note":"","_exactmetrics_sitenote_category":0,"footnotes":""},"categories":[22,24],"tags":[650,525],"class_list":["post-5005","post","type-post","status-publish","format-standard","hentry","category-eventos","category-talleres","tag-cuencos-de-tela","tag-eva-gustems"],"aioseo_notices":[],"_links":{"self":[{"href":"https:\/\/laruecapatchwork.com\/mundo_patchwork\/wp-json\/wp\/v2\/posts\/5005","targetHints":{"allow":["GET"]}}],"collection":[{"href":"https:\/\/laruecapatchwork.com\/mundo_patchwork\/wp-json\/wp\/v2\/posts"}],"about":[{"href":"https:\/\/laruecapatchwork.com\/mundo_patchwork\/wp-json\/wp\/v2\/types\/post"}],"author":[{"embeddable":true,"href":"https:\/\/laruecapatchwork.com\/mundo_patchwork\/wp-json\/wp\/v2\/users\/3"}],"replies":[{"embeddable":true,"href":"https:\/\/laruecapatchwork.com\/mundo_patchwork\/wp-json\/wp\/v2\/comments?post=5005"}],"version-history":[{"count":0,"href":"https:\/\/laruecapatchwork.com\/mundo_patchwork\/wp-json\/wp\/v2\/posts\/5005\/revisions"}],"wp:attachment":[{"href":"https:\/\/laruecapatchwork.com\/mundo_patchwork\/wp-json\/wp\/v2\/media?parent=5005"}],"wp:term":[{"taxonomy":"category","embeddable":true,"href":"https:\/\/laruecapatchwork.com\/mundo_patchwork\/wp-json\/wp\/v2\/categories?post=5005"},{"taxonomy":"post_tag","embeddable":true,"href":"https:\/\/laruecapatchwork.com\/mundo_patchwork\/wp-json\/wp\/v2\/tags?post=5005"}],"curies":[{"name":"wp","href":"https:\/\/api.w.org\/{rel}","templated":true}]}}