{"id":5256,"date":"2021-05-24T12:09:56","date_gmt":"2021-05-24T10:09:56","guid":{"rendered":"https:\/\/www.laruecapatchwork.com\/mundo_patchwork\/?p=5256"},"modified":"2021-05-24T17:59:51","modified_gmt":"2021-05-24T15:59:51","slug":"escaparate-con-tendencias-primavera-verano-2021","status":"publish","type":"post","link":"https:\/\/laruecapatchwork.com\/mundo_patchwork\/escaparate-con-tendencias-primavera-verano-2021","title":{"rendered":"Escaparate con tendencias primavera-verano 2021"},"content":{"rendered":"\n<p>En nuestro trabajo tenemos que estar innovando y evolucionado constantemente con nuevas ideas, por ello, os presentamos un nuevo proyecto en el cual estamos inmersos.<\/p>\n\n\n\n<p>Con la fusi\u00f3n del Patchwork, Encaje de bolillos, y Corte y Confecci\u00f3n, realizamos dise\u00f1os propios y exclusivos, realzando cada una de las t\u00e9cnicas para que en todo momento, tus prendas luzcan en con un esplendor muy llamativo.<\/p>\n\n\n\n<figure class=\"wp-block-image size-full\"><a href=\"https:\/\/www.laruecapatchwork.com\/mundo_patchwork\/wp-content\/uploads\/2021\/05\/Escaparate.jpg\" class=\"thickbox no_icon\"><img loading=\"lazy\" decoding=\"async\" width=\"630\" height=\"440\" src=\"https:\/\/www.laruecapatchwork.com\/mundo_patchwork\/wp-content\/uploads\/2021\/05\/Escaparate.jpg\" alt=\"\" class=\"wp-image-5273\" title=\"Tendencias La Rueca Patchwork, primavera 2021\" srcset=\"https:\/\/laruecapatchwork.com\/mundo_patchwork\/wp-content\/uploads\/2021\/05\/Escaparate.jpg 630w, https:\/\/laruecapatchwork.com\/mundo_patchwork\/wp-content\/uploads\/2021\/05\/Escaparate-300x210.jpg 300w\" sizes=\"auto, (max-width: 630px) 100vw, 630px\" \/><\/a><\/figure>\n\n\n\n<p>En este proyecto participan las profesoras y colaboradoras habituales de La Rueca Patchwork:<br><br>\u00b7 Beatriz Pena Seco, Artesana encajera y profesora de Encaje de Bolillos.<br>\u00b7 Roc\u00edo Garc\u00eda Aneiros, Patronista, Modista y profesora de Corte y Confecci\u00f3n.<br>\u00b7 Raquel Sueiras Amigo, Maestra del Patchwork.<\/p>\n\n\n\n<p>Deseamos que os gusten tanto como a nosotras. Ven a visitarnos. Os esperamos &#8230;<\/p>\n","protected":false},"excerpt":{"rendered":"<p>En nuestro trabajo tenemos que estar innovando y evolucionado constantemente con nuevas ideas, por ello, os presentamos un nuevo proyecto en el cual estamos inmersos. Con la fusi\u00f3n del Patchwork, Encaje de bolillos, y Corte y Confecci\u00f3n, realizamos dise\u00f1os propios y exclusivos, realzando cada una de las t\u00e9cnicas para que en todo momento, tus prendas [&hellip;]<\/p>\n","protected":false},"author":3,"featured_media":0,"comment_status":"closed","ping_status":"closed","sticky":false,"template":"","format":"standard","meta":{"_exactmetrics_skip_tracking":false,"_exactmetrics_sitenote_active":false,"_exactmetrics_sitenote_note":"","_exactmetrics_sitenote_category":0,"footnotes":""},"categories":[5,181],"tags":[336,405,659,8,661,660],"class_list":["post-5256","post","type-post","status-publish","format-standard","hentry","category-mundo-patchwork","category-novedades","tag-beatriz-pena-seco","tag-corte-y-confeccion","tag-encaje-de-bolillos","tag-patchwork","tag-raquel-sueiras-amigo","tag-rocio-garcia-aneiros"],"aioseo_notices":[],"_links":{"self":[{"href":"https:\/\/laruecapatchwork.com\/mundo_patchwork\/wp-json\/wp\/v2\/posts\/5256","targetHints":{"allow":["GET"]}}],"collection":[{"href":"https:\/\/laruecapatchwork.com\/mundo_patchwork\/wp-json\/wp\/v2\/posts"}],"about":[{"href":"https:\/\/laruecapatchwork.com\/mundo_patchwork\/wp-json\/wp\/v2\/types\/post"}],"author":[{"embeddable":true,"href":"https:\/\/laruecapatchwork.com\/mundo_patchwork\/wp-json\/wp\/v2\/users\/3"}],"replies":[{"embeddable":true,"href":"https:\/\/laruecapatchwork.com\/mundo_patchwork\/wp-json\/wp\/v2\/comments?post=5256"}],"version-history":[{"count":0,"href":"https:\/\/laruecapatchwork.com\/mundo_patchwork\/wp-json\/wp\/v2\/posts\/5256\/revisions"}],"wp:attachment":[{"href":"https:\/\/laruecapatchwork.com\/mundo_patchwork\/wp-json\/wp\/v2\/media?parent=5256"}],"wp:term":[{"taxonomy":"category","embeddable":true,"href":"https:\/\/laruecapatchwork.com\/mundo_patchwork\/wp-json\/wp\/v2\/categories?post=5256"},{"taxonomy":"post_tag","embeddable":true,"href":"https:\/\/laruecapatchwork.com\/mundo_patchwork\/wp-json\/wp\/v2\/tags?post=5256"}],"curies":[{"name":"wp","href":"https:\/\/api.w.org\/{rel}","templated":true}]}}