{"id":540,"date":"2009-09-11T21:00:29","date_gmt":"2009-09-11T19:00:29","guid":{"rendered":"http:\/\/www.laruecapatchwork.com\/mundo_patchwork\/?p=540"},"modified":"2016-10-05T13:21:16","modified_gmt":"2016-10-05T11:21:16","slug":"el-resurgir-de-las-labores","status":"publish","type":"post","link":"https:\/\/laruecapatchwork.com\/mundo_patchwork\/el-resurgir-de-las-labores","title":{"rendered":"El Resurgir de las Labores"},"content":{"rendered":"<p><a title=\"La Voz de Galicia\" href=\"https:\/\/www.laruecapatchwork.com\/mundo_patchwork\/wp-content\/uploads\/2009\/10\/La-Voz-de-Galicia.pdf\" target=\"_blank\"><img loading=\"lazy\" decoding=\"async\" class=\"alignright size-medium wp-image-541\" title=\"La Voz de Galicia (11\/Sep\/2009)\" src=\"https:\/\/www.laruecapatchwork.com\/mundo_patchwork\/wp-content\/uploads\/2009\/10\/La-Voz-de-Galicia-300x230.jpg\" alt=\"La Voz de Galicia (11\/Sep\/2009)\" width=\"300\" height=\"230\" srcset=\"https:\/\/laruecapatchwork.com\/mundo_patchwork\/wp-content\/uploads\/2009\/10\/La-Voz-de-Galicia-300x230.jpg 300w, https:\/\/laruecapatchwork.com\/mundo_patchwork\/wp-content\/uploads\/2009\/10\/La-Voz-de-Galicia.jpg 417w\" sizes=\"auto, (max-width: 300px) 100vw, 300px\" \/><\/a><\/p>\n<p style=\"text-align: justify;\">Con este sugerente t\u00edtulo, el\u00a0peri\u00f3dico \u00abLa Voz de Galicia\u00bb creo este bonito reportaje, que os dejamos a continuaci\u00f3n.<\/p>\n<p style=\"text-align: justify;\">Desde la direcci\u00f3n de <em>La Rueca Patchwork<\/em>, queremos agradecer su visita, as\u00ed como el estupendo reportaje realizado.<\/p>\n<p><a title=\"La Voz de Galicia (11\/Sep\/2009)\" href=\"https:\/\/www.laruecapatchwork.com\/mundo_patchwork\/wp-content\/uploads\/2009\/10\/La-Voz-de-Galicia.pdf\" target=\"_blank\">Descargar art\u00edculo\u00a0aqu\u00ed\u00a0&#8230;<\/a><\/p>\n","protected":false},"excerpt":{"rendered":"<p>Con este sugerente t\u00edtulo, el\u00a0peri\u00f3dico \u00abLa Voz de Galicia\u00bb creo este bonito reportaje, que os dejamos a continuaci\u00f3n. Desde la direcci\u00f3n de La Rueca Patchwork, queremos agradecer su visita, as\u00ed como el estupendo reportaje realizado. Descargar art\u00edculo\u00a0aqu\u00ed\u00a0&#8230;<\/p>\n","protected":false},"author":14,"featured_media":0,"comment_status":"open","ping_status":"open","sticky":false,"template":"","format":"standard","meta":{"_exactmetrics_skip_tracking":false,"_exactmetrics_sitenote_active":false,"_exactmetrics_sitenote_note":"","_exactmetrics_sitenote_category":0,"footnotes":""},"categories":[5,18,94],"tags":[6,120],"class_list":["post-540","post","type-post","status-publish","format-standard","hentry","category-mundo-patchwork","category-nuestras-tiendas","category-reportajes","tag-la-rueca","tag-prensa"],"aioseo_notices":[],"_links":{"self":[{"href":"https:\/\/laruecapatchwork.com\/mundo_patchwork\/wp-json\/wp\/v2\/posts\/540","targetHints":{"allow":["GET"]}}],"collection":[{"href":"https:\/\/laruecapatchwork.com\/mundo_patchwork\/wp-json\/wp\/v2\/posts"}],"about":[{"href":"https:\/\/laruecapatchwork.com\/mundo_patchwork\/wp-json\/wp\/v2\/types\/post"}],"author":[{"embeddable":true,"href":"https:\/\/laruecapatchwork.com\/mundo_patchwork\/wp-json\/wp\/v2\/users\/14"}],"replies":[{"embeddable":true,"href":"https:\/\/laruecapatchwork.com\/mundo_patchwork\/wp-json\/wp\/v2\/comments?post=540"}],"version-history":[{"count":0,"href":"https:\/\/laruecapatchwork.com\/mundo_patchwork\/wp-json\/wp\/v2\/posts\/540\/revisions"}],"wp:attachment":[{"href":"https:\/\/laruecapatchwork.com\/mundo_patchwork\/wp-json\/wp\/v2\/media?parent=540"}],"wp:term":[{"taxonomy":"category","embeddable":true,"href":"https:\/\/laruecapatchwork.com\/mundo_patchwork\/wp-json\/wp\/v2\/categories?post=540"},{"taxonomy":"post_tag","embeddable":true,"href":"https:\/\/laruecapatchwork.com\/mundo_patchwork\/wp-json\/wp\/v2\/tags?post=540"}],"curies":[{"name":"wp","href":"https:\/\/api.w.org\/{rel}","templated":true}]}}