{"id":573,"date":"2009-11-28T19:02:29","date_gmt":"2009-11-28T17:02:29","guid":{"rendered":"http:\/\/www.laruecapatchwork.com\/mundo_patchwork\/?p=573"},"modified":"2016-10-05T13:21:16","modified_gmt":"2016-10-05T11:21:16","slug":"fotos-de-fiesta-de-despedida-de-silvia","status":"publish","type":"post","link":"https:\/\/laruecapatchwork.com\/mundo_patchwork\/fotos-de-fiesta-de-despedida-de-silvia","title":{"rendered":"Fotos de fiesta de despedida de Silvia"},"content":{"rendered":"<p>Aqu\u00ed os dejamos un peque\u00f1o \u00e1lbum de fotos de la fiesta de despedida de Silvia, la que, como sabeis l@s que nos conoc\u00e9is personalmente, fue durante mucho tiempo pilar fundamental de La Rueca que hoy tod@s podemos disfrutar.<\/p>\n<p><img decoding=\"async\" title=\"gallery link=&quot;file&quot;\" src=\"https:\/\/www.laruecapatchwork.com\/mundo_patchwork\/wp-includes\/js\/tinymce\/plugins\/wpgallery\/img\/t.gif\" alt=\"\" \/><\/p>\n\n\t\t<style type=\"text\/css\">\n\t\t\t#gallery-1 {\n\t\t\t\tmargin: auto;\n\t\t\t}\n\t\t\t#gallery-1 .gallery-item {\n\t\t\t\tfloat: left;\n\t\t\t\tmargin-top: 10px;\n\t\t\t\ttext-align: center;\n\t\t\t\twidth: 33%;\n\t\t\t}\n\t\t\t#gallery-1 img {\n\t\t\t\tborder: 2px solid #cfcfcf;\n\t\t\t}\n\t\t\t#gallery-1 .gallery-caption {\n\t\t\t\tmargin-left: 0;\n\t\t\t}\n\t\t\t\/* see gallery_shortcode() in wp-includes\/media.php *\/\n\t\t<\/style>\n\t\t<div id='gallery-1' class='gallery galleryid-573 gallery-columns-3 gallery-size-thumbnail'><dl class='gallery-item'>\n\t\t\t<dt class='gallery-icon landscape'>\n\t\t\t\t<a href='https:\/\/laruecapatchwork.com\/mundo_patchwork\/wp-content\/uploads\/2009\/11\/silvia.jpg' class=\"thickbox no_icon\"><img loading=\"lazy\" decoding=\"async\" width=\"150\" height=\"150\" src=\"https:\/\/laruecapatchwork.com\/mundo_patchwork\/wp-content\/uploads\/2009\/11\/silvia-150x150.jpg\" class=\"attachment-thumbnail size-thumbnail\" alt=\"\" \/><\/a>\n\t\t\t<\/dt><\/dl><dl class='gallery-item'>\n\t\t\t<dt class='gallery-icon landscape'>\n\t\t\t\t<a href='https:\/\/laruecapatchwork.com\/mundo_patchwork\/wp-content\/uploads\/2009\/11\/silvia_homenaje.jpg' class=\"thickbox no_icon\"><img loading=\"lazy\" decoding=\"async\" width=\"150\" height=\"150\" src=\"https:\/\/laruecapatchwork.com\/mundo_patchwork\/wp-content\/uploads\/2009\/11\/silvia_homenaje-150x150.jpg\" class=\"attachment-thumbnail size-thumbnail\" alt=\"\" \/><\/a>\n\t\t\t<\/dt><\/dl><dl class='gallery-item'>\n\t\t\t<dt class='gallery-icon landscape'>\n\t\t\t\t<a href='https:\/\/laruecapatchwork.com\/mundo_patchwork\/wp-content\/uploads\/2009\/11\/silvia_raquel.jpg' class=\"thickbox no_icon\"><img loading=\"lazy\" decoding=\"async\" width=\"150\" height=\"150\" src=\"https:\/\/laruecapatchwork.com\/mundo_patchwork\/wp-content\/uploads\/2009\/11\/silvia_raquel-150x150.jpg\" class=\"attachment-thumbnail size-thumbnail\" alt=\"\" \/><\/a>\n\t\t\t<\/dt><\/dl><br style=\"clear: both\" \/>\n\t\t<\/div>\n\n<p>Si quer\u00e9is ver m\u00e1s fotos de la fiesta &#8230; <a href=\"https:\/\/www.laruecapatchwork.com\/fotos\/fotos.php?alb_ref=0021\" target=\"_self\">visitad la galer\u00eda &#8216;Fiesta de despedida de Silvia&#8217;<\/a><\/p>\n","protected":false},"excerpt":{"rendered":"<p>Aqu\u00ed os dejamos un peque\u00f1o \u00e1lbum de fotos de la fiesta de despedida de Silvia, la que, como sabeis l@s que nos conoc\u00e9is personalmente, fue durante mucho tiempo pilar fundamental de La Rueca que hoy tod@s podemos disfrutar. Si quer\u00e9is ver m\u00e1s fotos de la fiesta &#8230; visitad la galer\u00eda &#8216;Fiesta de despedida de Silvia&#8217;<\/p>\n","protected":false},"author":14,"featured_media":0,"comment_status":"open","ping_status":"open","sticky":false,"template":"","format":"standard","meta":{"_exactmetrics_skip_tracking":false,"_exactmetrics_sitenote_active":false,"_exactmetrics_sitenote_note":"","_exactmetrics_sitenote_category":0,"footnotes":""},"categories":[5],"tags":[325,6,124],"class_list":["post-573","post","type-post","status-publish","format-standard","hentry","category-mundo-patchwork","tag-despedida","tag-la-rueca","tag-silvia"],"aioseo_notices":[],"_links":{"self":[{"href":"https:\/\/laruecapatchwork.com\/mundo_patchwork\/wp-json\/wp\/v2\/posts\/573","targetHints":{"allow":["GET"]}}],"collection":[{"href":"https:\/\/laruecapatchwork.com\/mundo_patchwork\/wp-json\/wp\/v2\/posts"}],"about":[{"href":"https:\/\/laruecapatchwork.com\/mundo_patchwork\/wp-json\/wp\/v2\/types\/post"}],"author":[{"embeddable":true,"href":"https:\/\/laruecapatchwork.com\/mundo_patchwork\/wp-json\/wp\/v2\/users\/14"}],"replies":[{"embeddable":true,"href":"https:\/\/laruecapatchwork.com\/mundo_patchwork\/wp-json\/wp\/v2\/comments?post=573"}],"version-history":[{"count":0,"href":"https:\/\/laruecapatchwork.com\/mundo_patchwork\/wp-json\/wp\/v2\/posts\/573\/revisions"}],"wp:attachment":[{"href":"https:\/\/laruecapatchwork.com\/mundo_patchwork\/wp-json\/wp\/v2\/media?parent=573"}],"wp:term":[{"taxonomy":"category","embeddable":true,"href":"https:\/\/laruecapatchwork.com\/mundo_patchwork\/wp-json\/wp\/v2\/categories?post=573"},{"taxonomy":"post_tag","embeddable":true,"href":"https:\/\/laruecapatchwork.com\/mundo_patchwork\/wp-json\/wp\/v2\/tags?post=573"}],"curies":[{"name":"wp","href":"https:\/\/api.w.org\/{rel}","templated":true}]}}