{"id":69,"date":"2009-05-13T09:00:28","date_gmt":"2009-05-13T07:00:28","guid":{"rendered":"http:\/\/www.laruecapatchwork.com\/mundo_patchwork\/?p=69"},"modified":"2018-02-16T22:45:17","modified_gmt":"2018-02-16T20:45:17","slug":"la-rueca-patchwork-en-a-revista-de-la-tvg","status":"publish","type":"post","link":"https:\/\/laruecapatchwork.com\/mundo_patchwork\/la-rueca-patchwork-en-a-revista-de-la-tvg","title":{"rendered":"La Rueca Patchwork en &#8216;A Revista&#8217; de la TVG"},"content":{"rendered":"<p>Tras la inauguraci\u00f3n de nuestra tienda en La Coru\u00f1a, fueron varios los medios de comunicaci\u00f3n interesados en conocer esta tienda y el Mundo del Patchwork.<\/p>\n<p>Tambien la Televisi\u00f3n de Galicia nos visit\u00f3 el 12 de Mayo, realizando un reportaje\u00a0de la mano de <strong>Bel\u00e9n Ba\u00f1os<\/strong>, que os ofrecemos a continuaci\u00f3n. Esperamos que os guste.<\/p>\n<p style=\"text-align: center;\"><object width=\"640\" height=\"360\" data=\"http:\/\/www.youtube.com\/v\/Brgj_WV7TmM&amp;hl=es&amp;fs=1&amp;rel=0\" type=\"application\/x-shockwave-flash\"><param name=\"allowFullScreen\" value=\"true\" \/><param name=\"allowscriptaccess\" value=\"always\" \/><param name=\"src\" value=\"http:\/\/www.youtube.com\/v\/Brgj_WV7TmM&amp;hl=es&amp;fs=1&amp;rel=0\" \/><param name=\"allowfullscreen\" value=\"true\" \/><\/object><\/p>\n","protected":false},"excerpt":{"rendered":"<p>Tras la inauguraci\u00f3n de nuestra tienda en La Coru\u00f1a, fueron varios los medios de comunicaci\u00f3n interesados en conocer esta tienda y el Mundo del Patchwork. Tambien la Televisi\u00f3n de Galicia nos visit\u00f3 el 12 de Mayo, realizando un reportaje\u00a0de la mano de Bel\u00e9n Ba\u00f1os, que os ofrecemos a continuaci\u00f3n. Esperamos que os guste.<\/p>\n","protected":false},"author":14,"featured_media":0,"comment_status":"closed","ping_status":"closed","sticky":false,"template":"","format":"standard","meta":{"_exactmetrics_skip_tracking":false,"footnotes":""},"categories":[604,5,18,94],"tags":[11,606,127,10,9],"class_list":["post-69","post","type-post","status-publish","format-standard","hentry","category-la-rueca-patchwork-en-youtube","category-mundo-patchwork","category-nuestras-tiendas","category-reportajes","tag-a-revista","tag-belen-banos","tag-raquel-sueiras","tag-tvg","tag-video"],"aioseo_notices":[],"aioseo_head":"\n\t\t<!-- All in One SEO 4.9.10 - aioseo.com -->\n\t<meta name=\"description\" content=\"Tras la inauguraci\u00f3n de nuestra tienda en La Coru\u00f1a, fueron varios los medios de comunicaci\u00f3n interesados en conocer esta tienda y el Mundo del Patchwork. Tambien la Televisi\u00f3n de Galicia nos visit\u00f3 el 12 de Mayo, realizando un reportaje de la mano de Bel\u00e9n Ba\u00f1os, que os ofrecemos a continuaci\u00f3n. Esperamos que os guste.\" \/>\n\t<meta name=\"robots\" content=\"max-image-preview:large\" \/>\n\t<meta name=\"author\" content=\"Raquel\"\/>\n\t<link rel=\"canonical\" href=\"https:\/\/laruecapatchwork.com\/mundo_patchwork\/la-rueca-patchwork-en-a-revista-de-la-tvg\" \/>\n\t<meta name=\"generator\" content=\"All in One SEO (AIOSEO) 4.9.10\" \/>\n\t\t<meta property=\"og:locale\" content=\"es_ES\" \/>\n\t\t<meta property=\"og:site_name\" content=\"La Rueca Patchwork \u00b7 Su tienda de labores en Internet | Novedades del Mundo Patchwork\" \/>\n\t\t<meta property=\"og:type\" content=\"article\" \/>\n\t\t<meta property=\"og:title\" content=\"La Rueca Patchwork en \u2018A Revista\u2019 de la TVG | La Rueca Patchwork \u00b7 Su tienda de labores en Internet\" \/>\n\t\t<meta property=\"og:description\" content=\"Tras la inauguraci\u00f3n de nuestra tienda en La Coru\u00f1a, fueron varios los medios de comunicaci\u00f3n interesados en conocer esta tienda y el Mundo del Patchwork. Tambien la Televisi\u00f3n de Galicia nos visit\u00f3 el 12 de Mayo, realizando un reportaje de la mano de Bel\u00e9n Ba\u00f1os, que os ofrecemos a continuaci\u00f3n. Esperamos que os guste.\" \/>\n\t\t<meta property=\"og:url\" content=\"https:\/\/laruecapatchwork.com\/mundo_patchwork\/la-rueca-patchwork-en-a-revista-de-la-tvg\" \/>\n\t\t<meta property=\"article:published_time\" content=\"2009-05-13T07:00:28+00:00\" \/>\n\t\t<meta property=\"article:modified_time\" content=\"2018-02-16T20:45:17+00:00\" \/>\n\t\t<meta name=\"twitter:card\" content=\"summary\" \/>\n\t\t<meta name=\"twitter:title\" content=\"La Rueca Patchwork en \u2018A Revista\u2019 de la TVG | La Rueca Patchwork \u00b7 Su tienda de labores en Internet\" \/>\n\t\t<meta name=\"twitter:description\" content=\"Tras la inauguraci\u00f3n de nuestra tienda en La Coru\u00f1a, fueron varios los medios de comunicaci\u00f3n interesados en conocer esta tienda y el Mundo del Patchwork. Tambien la Televisi\u00f3n de Galicia nos visit\u00f3 el 12 de Mayo, realizando un reportaje de la mano de Bel\u00e9n Ba\u00f1os, que os ofrecemos a continuaci\u00f3n. Esperamos que os guste.\" \/>\n\t\t<script type=\"application\/ld+json\" class=\"aioseo-schema\">\n\t\t\t{\"@context\":\"https:\\\/\\\/schema.org\",\"@graph\":[{\"@type\":\"Article\",\"@id\":\"https:\\\/\\\/laruecapatchwork.com\\\/mundo_patchwork\\\/la-rueca-patchwork-en-a-revista-de-la-tvg#article\",\"name\":\"La Rueca Patchwork en \\u2018A Revista\\u2019 de la TVG | La Rueca Patchwork \\u00b7 Su tienda de labores en Internet\",\"headline\":\"La Rueca Patchwork en &#8216;A Revista&#8217; de la TVG\",\"author\":{\"@id\":\"https:\\\/\\\/laruecapatchwork.com\\\/mundo_patchwork\\\/author\\\/raquel#author\"},\"publisher\":{\"@id\":\"https:\\\/\\\/laruecapatchwork.com\\\/mundo_patchwork\\\/#organization\"},\"datePublished\":\"2009-05-13T09:00:28+02:00\",\"dateModified\":\"2018-02-16T22:45:17+02:00\",\"inLanguage\":\"es-ES\",\"commentCount\":9,\"mainEntityOfPage\":{\"@id\":\"https:\\\/\\\/laruecapatchwork.com\\\/mundo_patchwork\\\/la-rueca-patchwork-en-a-revista-de-la-tvg#webpage\"},\"isPartOf\":{\"@id\":\"https:\\\/\\\/laruecapatchwork.com\\\/mundo_patchwork\\\/la-rueca-patchwork-en-a-revista-de-la-tvg#webpage\"},\"articleSection\":\"Canal TV - Youtube, Mundo Patchwork, Nuestras Tiendas, Reportajes, A Revista, Bel\\u00e9n Ba\\u00f1os, Raquel Sueiras, TVG, V\\u00eddeo\"},{\"@type\":\"BreadcrumbList\",\"@id\":\"https:\\\/\\\/laruecapatchwork.com\\\/mundo_patchwork\\\/la-rueca-patchwork-en-a-revista-de-la-tvg#breadcrumblist\",\"itemListElement\":[{\"@type\":\"ListItem\",\"@id\":\"https:\\\/\\\/laruecapatchwork.com\\\/mundo_patchwork#listItem\",\"position\":1,\"name\":\"Inicio\",\"item\":\"https:\\\/\\\/laruecapatchwork.com\\\/mundo_patchwork\",\"nextItem\":{\"@type\":\"ListItem\",\"@id\":\"https:\\\/\\\/laruecapatchwork.com\\\/mundo_patchwork\\\/categoria\\\/mundo-patchwork#listItem\",\"name\":\"Mundo Patchwork\"}},{\"@type\":\"ListItem\",\"@id\":\"https:\\\/\\\/laruecapatchwork.com\\\/mundo_patchwork\\\/categoria\\\/mundo-patchwork#listItem\",\"position\":2,\"name\":\"Mundo Patchwork\",\"item\":\"https:\\\/\\\/laruecapatchwork.com\\\/mundo_patchwork\\\/categoria\\\/mundo-patchwork\",\"nextItem\":{\"@type\":\"ListItem\",\"@id\":\"https:\\\/\\\/laruecapatchwork.com\\\/mundo_patchwork\\\/la-rueca-patchwork-en-a-revista-de-la-tvg#listItem\",\"name\":\"La Rueca Patchwork en &#8216;A Revista&#8217; de la TVG\"},\"previousItem\":{\"@type\":\"ListItem\",\"@id\":\"https:\\\/\\\/laruecapatchwork.com\\\/mundo_patchwork#listItem\",\"name\":\"Inicio\"}},{\"@type\":\"ListItem\",\"@id\":\"https:\\\/\\\/laruecapatchwork.com\\\/mundo_patchwork\\\/la-rueca-patchwork-en-a-revista-de-la-tvg#listItem\",\"position\":3,\"name\":\"La Rueca Patchwork en &#8216;A Revista&#8217; de la TVG\",\"previousItem\":{\"@type\":\"ListItem\",\"@id\":\"https:\\\/\\\/laruecapatchwork.com\\\/mundo_patchwork\\\/categoria\\\/mundo-patchwork#listItem\",\"name\":\"Mundo Patchwork\"}}]},{\"@type\":\"Organization\",\"@id\":\"https:\\\/\\\/laruecapatchwork.com\\\/mundo_patchwork\\\/#organization\",\"name\":\"La Rueca Patchwork \\u00b7 Su tienda de labores en Internet\",\"description\":\"Novedades del Mundo Patchwork\",\"url\":\"https:\\\/\\\/laruecapatchwork.com\\\/mundo_patchwork\\\/\"},{\"@type\":\"Person\",\"@id\":\"https:\\\/\\\/laruecapatchwork.com\\\/mundo_patchwork\\\/author\\\/raquel#author\",\"url\":\"https:\\\/\\\/laruecapatchwork.com\\\/mundo_patchwork\\\/author\\\/raquel\",\"name\":\"Raquel\",\"image\":{\"@type\":\"ImageObject\",\"@id\":\"https:\\\/\\\/laruecapatchwork.com\\\/mundo_patchwork\\\/la-rueca-patchwork-en-a-revista-de-la-tvg#authorImage\",\"url\":\"https:\\\/\\\/secure.gravatar.com\\\/avatar\\\/229ae7dce2c2e8b7e1a394b8ce5d3c5059480fef0dd0b1fc0bb4e71162d9406d?s=96&d=identicon&r=g\",\"width\":96,\"height\":96,\"caption\":\"Raquel\"}},{\"@type\":\"WebPage\",\"@id\":\"https:\\\/\\\/laruecapatchwork.com\\\/mundo_patchwork\\\/la-rueca-patchwork-en-a-revista-de-la-tvg#webpage\",\"url\":\"https:\\\/\\\/laruecapatchwork.com\\\/mundo_patchwork\\\/la-rueca-patchwork-en-a-revista-de-la-tvg\",\"name\":\"La Rueca Patchwork en \\u2018A Revista\\u2019 de la TVG | La Rueca Patchwork \\u00b7 Su tienda de labores en Internet\",\"description\":\"Tras la inauguraci\\u00f3n de nuestra tienda en La Coru\\u00f1a, fueron varios los medios de comunicaci\\u00f3n interesados en conocer esta tienda y el Mundo del Patchwork. Tambien la Televisi\\u00f3n de Galicia nos visit\\u00f3 el 12 de Mayo, realizando un reportaje de la mano de Bel\\u00e9n Ba\\u00f1os, que os ofrecemos a continuaci\\u00f3n. Esperamos que os guste.\",\"inLanguage\":\"es-ES\",\"isPartOf\":{\"@id\":\"https:\\\/\\\/laruecapatchwork.com\\\/mundo_patchwork\\\/#website\"},\"breadcrumb\":{\"@id\":\"https:\\\/\\\/laruecapatchwork.com\\\/mundo_patchwork\\\/la-rueca-patchwork-en-a-revista-de-la-tvg#breadcrumblist\"},\"author\":{\"@id\":\"https:\\\/\\\/laruecapatchwork.com\\\/mundo_patchwork\\\/author\\\/raquel#author\"},\"creator\":{\"@id\":\"https:\\\/\\\/laruecapatchwork.com\\\/mundo_patchwork\\\/author\\\/raquel#author\"},\"datePublished\":\"2009-05-13T09:00:28+02:00\",\"dateModified\":\"2018-02-16T22:45:17+02:00\"},{\"@type\":\"WebSite\",\"@id\":\"https:\\\/\\\/laruecapatchwork.com\\\/mundo_patchwork\\\/#website\",\"url\":\"https:\\\/\\\/laruecapatchwork.com\\\/mundo_patchwork\\\/\",\"name\":\"La Rueca Patchwork \\u00b7 Su tienda de labores en Internet\",\"description\":\"Novedades del Mundo Patchwork\",\"inLanguage\":\"es-ES\",\"publisher\":{\"@id\":\"https:\\\/\\\/laruecapatchwork.com\\\/mundo_patchwork\\\/#organization\"}}]}\n\t\t<\/script>\n\t\t<!-- All in One SEO -->\n\n","aioseo_head_json":{"title":"La Rueca Patchwork en \u2018A Revista\u2019 de la TVG | La Rueca Patchwork \u00b7 Su tienda de labores en Internet","description":"Tras la inauguraci\u00f3n de nuestra tienda en La Coru\u00f1a, fueron varios los medios de comunicaci\u00f3n interesados en conocer esta tienda y el Mundo del Patchwork. Tambien la Televisi\u00f3n de Galicia nos visit\u00f3 el 12 de Mayo, realizando un reportaje de la mano de Bel\u00e9n Ba\u00f1os, que os ofrecemos a continuaci\u00f3n. Esperamos que os guste.","canonical_url":"https:\/\/laruecapatchwork.com\/mundo_patchwork\/la-rueca-patchwork-en-a-revista-de-la-tvg","robots":"max-image-preview:large","keywords":"","webmasterTools":{"miscellaneous":""},"schema":{"@context":"https:\/\/schema.org","@graph":[{"@type":"Article","@id":"https:\/\/laruecapatchwork.com\/mundo_patchwork\/la-rueca-patchwork-en-a-revista-de-la-tvg#article","name":"La Rueca Patchwork en \u2018A Revista\u2019 de la TVG | La Rueca Patchwork \u00b7 Su tienda de labores en Internet","headline":"La Rueca Patchwork en &#8216;A Revista&#8217; de la TVG","author":{"@id":"https:\/\/laruecapatchwork.com\/mundo_patchwork\/author\/raquel#author"},"publisher":{"@id":"https:\/\/laruecapatchwork.com\/mundo_patchwork\/#organization"},"datePublished":"2009-05-13T09:00:28+02:00","dateModified":"2018-02-16T22:45:17+02:00","inLanguage":"es-ES","commentCount":9,"mainEntityOfPage":{"@id":"https:\/\/laruecapatchwork.com\/mundo_patchwork\/la-rueca-patchwork-en-a-revista-de-la-tvg#webpage"},"isPartOf":{"@id":"https:\/\/laruecapatchwork.com\/mundo_patchwork\/la-rueca-patchwork-en-a-revista-de-la-tvg#webpage"},"articleSection":"Canal TV - Youtube, Mundo Patchwork, Nuestras Tiendas, Reportajes, A Revista, Bel\u00e9n Ba\u00f1os, Raquel Sueiras, TVG, V\u00eddeo"},{"@type":"BreadcrumbList","@id":"https:\/\/laruecapatchwork.com\/mundo_patchwork\/la-rueca-patchwork-en-a-revista-de-la-tvg#breadcrumblist","itemListElement":[{"@type":"ListItem","@id":"https:\/\/laruecapatchwork.com\/mundo_patchwork#listItem","position":1,"name":"Inicio","item":"https:\/\/laruecapatchwork.com\/mundo_patchwork","nextItem":{"@type":"ListItem","@id":"https:\/\/laruecapatchwork.com\/mundo_patchwork\/categoria\/mundo-patchwork#listItem","name":"Mundo Patchwork"}},{"@type":"ListItem","@id":"https:\/\/laruecapatchwork.com\/mundo_patchwork\/categoria\/mundo-patchwork#listItem","position":2,"name":"Mundo Patchwork","item":"https:\/\/laruecapatchwork.com\/mundo_patchwork\/categoria\/mundo-patchwork","nextItem":{"@type":"ListItem","@id":"https:\/\/laruecapatchwork.com\/mundo_patchwork\/la-rueca-patchwork-en-a-revista-de-la-tvg#listItem","name":"La Rueca Patchwork en &#8216;A Revista&#8217; de la TVG"},"previousItem":{"@type":"ListItem","@id":"https:\/\/laruecapatchwork.com\/mundo_patchwork#listItem","name":"Inicio"}},{"@type":"ListItem","@id":"https:\/\/laruecapatchwork.com\/mundo_patchwork\/la-rueca-patchwork-en-a-revista-de-la-tvg#listItem","position":3,"name":"La Rueca Patchwork en &#8216;A Revista&#8217; de la TVG","previousItem":{"@type":"ListItem","@id":"https:\/\/laruecapatchwork.com\/mundo_patchwork\/categoria\/mundo-patchwork#listItem","name":"Mundo Patchwork"}}]},{"@type":"Organization","@id":"https:\/\/laruecapatchwork.com\/mundo_patchwork\/#organization","name":"La Rueca Patchwork \u00b7 Su tienda de labores en Internet","description":"Novedades del Mundo Patchwork","url":"https:\/\/laruecapatchwork.com\/mundo_patchwork\/"},{"@type":"Person","@id":"https:\/\/laruecapatchwork.com\/mundo_patchwork\/author\/raquel#author","url":"https:\/\/laruecapatchwork.com\/mundo_patchwork\/author\/raquel","name":"Raquel","image":{"@type":"ImageObject","@id":"https:\/\/laruecapatchwork.com\/mundo_patchwork\/la-rueca-patchwork-en-a-revista-de-la-tvg#authorImage","url":"https:\/\/secure.gravatar.com\/avatar\/229ae7dce2c2e8b7e1a394b8ce5d3c5059480fef0dd0b1fc0bb4e71162d9406d?s=96&d=identicon&r=g","width":96,"height":96,"caption":"Raquel"}},{"@type":"WebPage","@id":"https:\/\/laruecapatchwork.com\/mundo_patchwork\/la-rueca-patchwork-en-a-revista-de-la-tvg#webpage","url":"https:\/\/laruecapatchwork.com\/mundo_patchwork\/la-rueca-patchwork-en-a-revista-de-la-tvg","name":"La Rueca Patchwork en \u2018A Revista\u2019 de la TVG | La Rueca Patchwork \u00b7 Su tienda de labores en Internet","description":"Tras la inauguraci\u00f3n de nuestra tienda en La Coru\u00f1a, fueron varios los medios de comunicaci\u00f3n interesados en conocer esta tienda y el Mundo del Patchwork. Tambien la Televisi\u00f3n de Galicia nos visit\u00f3 el 12 de Mayo, realizando un reportaje de la mano de Bel\u00e9n Ba\u00f1os, que os ofrecemos a continuaci\u00f3n. Esperamos que os guste.","inLanguage":"es-ES","isPartOf":{"@id":"https:\/\/laruecapatchwork.com\/mundo_patchwork\/#website"},"breadcrumb":{"@id":"https:\/\/laruecapatchwork.com\/mundo_patchwork\/la-rueca-patchwork-en-a-revista-de-la-tvg#breadcrumblist"},"author":{"@id":"https:\/\/laruecapatchwork.com\/mundo_patchwork\/author\/raquel#author"},"creator":{"@id":"https:\/\/laruecapatchwork.com\/mundo_patchwork\/author\/raquel#author"},"datePublished":"2009-05-13T09:00:28+02:00","dateModified":"2018-02-16T22:45:17+02:00"},{"@type":"WebSite","@id":"https:\/\/laruecapatchwork.com\/mundo_patchwork\/#website","url":"https:\/\/laruecapatchwork.com\/mundo_patchwork\/","name":"La Rueca Patchwork \u00b7 Su tienda de labores en Internet","description":"Novedades del Mundo Patchwork","inLanguage":"es-ES","publisher":{"@id":"https:\/\/laruecapatchwork.com\/mundo_patchwork\/#organization"}}]},"og:locale":"es_ES","og:site_name":"La Rueca Patchwork \u00b7 Su tienda de labores en Internet | Novedades del Mundo Patchwork","og:type":"article","og:title":"La Rueca Patchwork en \u2018A Revista\u2019 de la TVG | La Rueca Patchwork \u00b7 Su tienda de labores en Internet","og:description":"Tras la inauguraci\u00f3n de nuestra tienda en La Coru\u00f1a, fueron varios los medios de comunicaci\u00f3n interesados en conocer esta tienda y el Mundo del Patchwork. Tambien la Televisi\u00f3n de Galicia nos visit\u00f3 el 12 de Mayo, realizando un reportaje de la mano de Bel\u00e9n Ba\u00f1os, que os ofrecemos a continuaci\u00f3n. Esperamos que os guste.","og:url":"https:\/\/laruecapatchwork.com\/mundo_patchwork\/la-rueca-patchwork-en-a-revista-de-la-tvg","article:published_time":"2009-05-13T07:00:28+00:00","article:modified_time":"2018-02-16T20:45:17+00:00","twitter:card":"summary","twitter:title":"La Rueca Patchwork en \u2018A Revista\u2019 de la TVG | La Rueca Patchwork \u00b7 Su tienda de labores en Internet","twitter:description":"Tras la inauguraci\u00f3n de nuestra tienda en La Coru\u00f1a, fueron varios los medios de comunicaci\u00f3n interesados en conocer esta tienda y el Mundo del Patchwork. Tambien la Televisi\u00f3n de Galicia nos visit\u00f3 el 12 de Mayo, realizando un reportaje de la mano de Bel\u00e9n Ba\u00f1os, que os ofrecemos a continuaci\u00f3n. Esperamos que os guste."},"aioseo_meta_data":{"post_id":"69","title":null,"description":null,"keywords":null,"keyphrases":null,"primary_term":null,"canonical_url":null,"og_title":null,"og_description":null,"og_object_type":"default","og_image_type":"default","og_image_url":null,"og_image_width":null,"og_image_height":null,"og_image_custom_url":null,"og_image_custom_fields":null,"og_video":null,"og_custom_url":null,"og_article_section":null,"og_article_tags":null,"twitter_use_og":false,"twitter_card":"default","twitter_image_type":"default","twitter_image_url":null,"twitter_image_custom_url":null,"twitter_image_custom_fields":null,"twitter_title":null,"twitter_description":null,"schema":{"blockGraphs":[],"customGraphs":[],"default":{"data":{"Article":[],"Course":[],"Dataset":[],"FAQPage":[],"Movie":[],"Person":[],"Product":[],"ProductReview":[],"Car":[],"Recipe":[],"Service":[],"SoftwareApplication":[],"WebPage":[]},"graphName":"","isEnabled":true},"graphs":[]},"schema_type":null,"schema_type_options":null,"pillar_content":false,"robots_default":true,"robots_noindex":false,"robots_noarchive":false,"robots_nosnippet":false,"robots_nofollow":false,"robots_noimageindex":false,"robots_noodp":false,"robots_notranslate":false,"robots_max_snippet":null,"robots_max_videopreview":null,"robots_max_imagepreview":"large","priority":null,"frequency":null,"local_seo":null,"breadcrumb_settings":null,"limit_modified_date":false,"ai":null,"created":"2021-05-24 09:45:43","updated":"2025-07-18 08:37:50","seo_analyzer_scan_date":null},"aioseo_breadcrumb":"<div class=\"aioseo-breadcrumbs\"><span class=\"aioseo-breadcrumb\">\n\t\t\t<a href=\"https:\/\/laruecapatchwork.com\/mundo_patchwork\" title=\"Inicio\">Inicio<\/a>\n\t\t<\/span><span class=\"aioseo-breadcrumb-separator\">&raquo;<\/span><span class=\"aioseo-breadcrumb\">\n\t\t\t<a href=\"https:\/\/laruecapatchwork.com\/mundo_patchwork\/categoria\/mundo-patchwork\" title=\"Mundo Patchwork\">Mundo Patchwork<\/a>\n\t\t<\/span><span class=\"aioseo-breadcrumb-separator\">&raquo;<\/span><span class=\"aioseo-breadcrumb\">\n\t\t\tLa Rueca Patchwork en \u2018A Revista\u2019 de la TVG\n\t\t<\/span><\/div>","aioseo_breadcrumb_json":[{"label":"Inicio","link":"https:\/\/laruecapatchwork.com\/mundo_patchwork"},{"label":"Mundo Patchwork","link":"https:\/\/laruecapatchwork.com\/mundo_patchwork\/categoria\/mundo-patchwork"},{"label":"La Rueca Patchwork en &#8216;A Revista&#8217; de la TVG","link":"https:\/\/laruecapatchwork.com\/mundo_patchwork\/la-rueca-patchwork-en-a-revista-de-la-tvg"}],"_links":{"self":[{"href":"https:\/\/laruecapatchwork.com\/mundo_patchwork\/wp-json\/wp\/v2\/posts\/69","targetHints":{"allow":["GET"]}}],"collection":[{"href":"https:\/\/laruecapatchwork.com\/mundo_patchwork\/wp-json\/wp\/v2\/posts"}],"about":[{"href":"https:\/\/laruecapatchwork.com\/mundo_patchwork\/wp-json\/wp\/v2\/types\/post"}],"author":[{"embeddable":true,"href":"https:\/\/laruecapatchwork.com\/mundo_patchwork\/wp-json\/wp\/v2\/users\/14"}],"replies":[{"embeddable":true,"href":"https:\/\/laruecapatchwork.com\/mundo_patchwork\/wp-json\/wp\/v2\/comments?post=69"}],"version-history":[{"count":0,"href":"https:\/\/laruecapatchwork.com\/mundo_patchwork\/wp-json\/wp\/v2\/posts\/69\/revisions"}],"wp:attachment":[{"href":"https:\/\/laruecapatchwork.com\/mundo_patchwork\/wp-json\/wp\/v2\/media?parent=69"}],"wp:term":[{"taxonomy":"category","embeddable":true,"href":"https:\/\/laruecapatchwork.com\/mundo_patchwork\/wp-json\/wp\/v2\/categories?post=69"},{"taxonomy":"post_tag","embeddable":true,"href":"https:\/\/laruecapatchwork.com\/mundo_patchwork\/wp-json\/wp\/v2\/tags?post=69"}],"curies":[{"name":"wp","href":"https:\/\/api.w.org\/{rel}","templated":true}]}}